{"id":10090,"date":"2025-12-21T18:44:54","date_gmt":"2025-12-21T17:44:54","guid":{"rendered":"https:\/\/agora.xtec.cat\/zer-pedrera\/?p=10090"},"modified":"2025-12-21T18:45:47","modified_gmt":"2025-12-21T17:45:47","slug":"making-off-teatre-de-nadal-escola-porcel-de-cervera","status":"publish","type":"post","link":"https:\/\/agora.xtec.cat\/zer-pedrera\/general\/making-off-teatre-de-nadal-escola-porcel-de-cervera\/","title":{"rendered":"Making off teatre de Nadal. Escola Porcel de Cervera"},"content":{"rendered":"<p>Segur que molts de vosaltres algun cop us heu preguntat que hi ha darrera de l\u2019obra de teatre que representem, fins i tot que us agradaria veure per un foradet l\u2019assaig dels vostre fills-es. Doncs desig concedit! Us podem assegurar que hi ha molt temps i esfor\u00e7, per\u00f2 tamb\u00e9 molta il.lusi\u00f3, riures i nervis!!<\/p>\n<p>Cliqueu per veure alguns moments dels assajos!<a href=\"https:\/\/photos.app.goo.gl\/X1nsTyXcAaDCFvFo9\">https:\/\/photos.app.goo.gl\/X1nsTyXcAaDCFvFo9<\/a><\/p>\n","protected":false},"excerpt":{"rendered":"<p>Segur que molts de vosaltres algun cop us heu preguntat que hi ha darrera de l\u2019obra de teatre que representem, fins i tot que us agradaria veure per un foradet l\u2019assaig dels vostre fills-es. Doncs desig concedit! Us podem assegurar que hi ha molt temps&hellip;  <a href=\"https:\/\/agora.xtec.cat\/zer-pedrera\/general\/making-off-teatre-de-nadal-escola-porcel-de-cervera\/\" title=\"Read Making off teatre de Nadal. Escola Porcel de Cervera\">Llegeix m\u00e9s\u00bb<\/a><\/p>\n","protected":false},"author":1,"featured_media":10091,"comment_status":"open","ping_status":"open","sticky":false,"template":"","format":"standard","meta":{"_bbp_topic_count":0,"_bbp_reply_count":0,"_bbp_total_topic_count":0,"_bbp_total_reply_count":0,"_bbp_voice_count":0,"_bbp_anonymous_reply_count":0,"_bbp_topic_count_hidden":0,"_bbp_reply_count_hidden":0,"_bbp_forum_subforum_count":0,"footnotes":""},"categories":[113,111,1,29,89],"tags":[],"class_list":["post-10090","post","type-post","status-publish","format-standard","has-post-thumbnail","hentry","category-e-infantil","category-escola-porcel-de-cervera","category-general","category-portada","category-primaria"],"post_mailing_queue_ids":[],"_links":{"self":[{"href":"https:\/\/agora.xtec.cat\/zer-pedrera\/wp-json\/wp\/v2\/posts\/10090","targetHints":{"allow":["GET"]}}],"collection":[{"href":"https:\/\/agora.xtec.cat\/zer-pedrera\/wp-json\/wp\/v2\/posts"}],"about":[{"href":"https:\/\/agora.xtec.cat\/zer-pedrera\/wp-json\/wp\/v2\/types\/post"}],"author":[{"embeddable":true,"href":"https:\/\/agora.xtec.cat\/zer-pedrera\/wp-json\/wp\/v2\/users\/1"}],"replies":[{"embeddable":true,"href":"https:\/\/agora.xtec.cat\/zer-pedrera\/wp-json\/wp\/v2\/comments?post=10090"}],"version-history":[{"count":3,"href":"https:\/\/agora.xtec.cat\/zer-pedrera\/wp-json\/wp\/v2\/posts\/10090\/revisions"}],"predecessor-version":[{"id":10094,"href":"https:\/\/agora.xtec.cat\/zer-pedrera\/wp-json\/wp\/v2\/posts\/10090\/revisions\/10094"}],"wp:featuredmedia":[{"embeddable":true,"href":"https:\/\/agora.xtec.cat\/zer-pedrera\/wp-json\/wp\/v2\/media\/10091"}],"wp:attachment":[{"href":"https:\/\/agora.xtec.cat\/zer-pedrera\/wp-json\/wp\/v2\/media?parent=10090"}],"wp:term":[{"taxonomy":"category","embeddable":true,"href":"https:\/\/agora.xtec.cat\/zer-pedrera\/wp-json\/wp\/v2\/categories?post=10090"},{"taxonomy":"post_tag","embeddable":true,"href":"https:\/\/agora.xtec.cat\/zer-pedrera\/wp-json\/wp\/v2\/tags?post=10090"}],"curies":[{"name":"wp","href":"https:\/\/api.w.org\/{rel}","templated":true}]}}