{"id":10088,"date":"2025-12-21T20:13:45","date_gmt":"2025-12-21T19:13:45","guid":{"rendered":"https:\/\/agora.xtec.cat\/zer-pedrera\/?p=10088"},"modified":"2025-12-21T20:14:36","modified_gmt":"2025-12-21T19:14:36","slug":"lamic-invisible-a-lescola-porcel-de-cervera","status":"publish","type":"post","link":"https:\/\/agora.xtec.cat\/zer-pedrera\/general\/lamic-invisible-a-lescola-porcel-de-cervera\/","title":{"rendered":"L\u2019amic invisible a l\u2019escola Porcel de Cervera."},"content":{"rendered":"<p>Els i les alumnes de l\u2019escola han estat jugant al joc de l\u2019amic invisible. Han estat escrivint notes an\u00f2nimes als seus companys-es per donar-los pistes sobre qui eren. Divendres al mat\u00ed, amb molts nervis i il.lusi\u00f3 van poder descobrir qui era el seu amic o amiga invisible. En rotllana van anar obrint un per un el regal que els havien preparat a casa. \u00c9s una activitat divertida que fem cada any en aquestes dates per refor\u00e7ar els vincles i el bon ambient a l\u2019escola! \u00c9s molt gratificant veure com els alumnes i les seves families s\u2019esforcen i mimen amb molt detall els regals que preparen per els seus amics.<\/p>\n<p>Cliqueu per veure les carones de felicitat amb els seus regals!\u00a0<a href=\"https:\/\/photos.app.goo.gl\/AX4SepcQQ6tysg9JA\">https:\/\/photos.app.goo.gl\/AX4SepcQQ6tysg9JA<\/a><\/p>\n<p>&nbsp;<\/p>\n","protected":false},"excerpt":{"rendered":"<p>Els i les alumnes de l\u2019escola han estat jugant al joc de l\u2019amic invisible. Han estat escrivint notes an\u00f2nimes als seus companys-es per donar-los pistes sobre qui eren. Divendres al mat\u00ed, amb molts nervis i il.lusi\u00f3 van poder descobrir qui era el seu amic o&hellip;  <a href=\"https:\/\/agora.xtec.cat\/zer-pedrera\/general\/lamic-invisible-a-lescola-porcel-de-cervera\/\" title=\"Read L\u2019amic invisible a l\u2019escola Porcel de Cervera.\">Llegeix m\u00e9s\u00bb<\/a><\/p>\n","protected":false},"author":1,"featured_media":10096,"comment_status":"open","ping_status":"open","sticky":false,"template":"","format":"standard","meta":{"_bbp_topic_count":0,"_bbp_reply_count":0,"_bbp_total_topic_count":0,"_bbp_total_reply_count":0,"_bbp_voice_count":0,"_bbp_anonymous_reply_count":0,"_bbp_topic_count_hidden":0,"_bbp_reply_count_hidden":0,"_bbp_forum_subforum_count":0,"footnotes":""},"categories":[111,1,29],"tags":[],"class_list":["post-10088","post","type-post","status-publish","format-standard","has-post-thumbnail","hentry","category-escola-porcel-de-cervera","category-general","category-portada"],"post_mailing_queue_ids":[],"_links":{"self":[{"href":"https:\/\/agora.xtec.cat\/zer-pedrera\/wp-json\/wp\/v2\/posts\/10088","targetHints":{"allow":["GET"]}}],"collection":[{"href":"https:\/\/agora.xtec.cat\/zer-pedrera\/wp-json\/wp\/v2\/posts"}],"about":[{"href":"https:\/\/agora.xtec.cat\/zer-pedrera\/wp-json\/wp\/v2\/types\/post"}],"author":[{"embeddable":true,"href":"https:\/\/agora.xtec.cat\/zer-pedrera\/wp-json\/wp\/v2\/users\/1"}],"replies":[{"embeddable":true,"href":"https:\/\/agora.xtec.cat\/zer-pedrera\/wp-json\/wp\/v2\/comments?post=10088"}],"version-history":[{"count":3,"href":"https:\/\/agora.xtec.cat\/zer-pedrera\/wp-json\/wp\/v2\/posts\/10088\/revisions"}],"predecessor-version":[{"id":10098,"href":"https:\/\/agora.xtec.cat\/zer-pedrera\/wp-json\/wp\/v2\/posts\/10088\/revisions\/10098"}],"wp:featuredmedia":[{"embeddable":true,"href":"https:\/\/agora.xtec.cat\/zer-pedrera\/wp-json\/wp\/v2\/media\/10096"}],"wp:attachment":[{"href":"https:\/\/agora.xtec.cat\/zer-pedrera\/wp-json\/wp\/v2\/media?parent=10088"}],"wp:term":[{"taxonomy":"category","embeddable":true,"href":"https:\/\/agora.xtec.cat\/zer-pedrera\/wp-json\/wp\/v2\/categories?post=10088"},{"taxonomy":"post_tag","embeddable":true,"href":"https:\/\/agora.xtec.cat\/zer-pedrera\/wp-json\/wp\/v2\/tags?post=10088"}],"curies":[{"name":"wp","href":"https:\/\/api.w.org\/{rel}","templated":true}]}}