{"id":10082,"date":"2025-12-21T17:36:13","date_gmt":"2025-12-21T16:36:13","guid":{"rendered":"https:\/\/agora.xtec.cat\/zer-pedrera\/?p=10082"},"modified":"2025-12-21T17:36:13","modified_gmt":"2025-12-21T16:36:13","slug":"fem-cagar-el-tio-a-lescola-porcel-de-cervera","status":"publish","type":"post","link":"https:\/\/agora.xtec.cat\/zer-pedrera\/general\/fem-cagar-el-tio-a-lescola-porcel-de-cervera\/","title":{"rendered":"Fem cagar el ti\u00f3 a l\u2019escola Porcel de Cervera."},"content":{"rendered":"<p>Despr\u00e9s de molts dies cuidant i mimant al nostre ti\u00f3, per f\u00ed ha arribat el dia tan esperat per tots els nens i nenes: fer-lo cagar! Despr\u00e9s d\u2019un esmorzar que hem compartit alumnes i mestres entre coses que hem portat de casa, hem anat a la sala on ens esper\u00e0ven alguns familiars. Tots han estat super contents i agraits amb els regals rebuts!! Tot seguit, s\u2019ha dut a terme la tradicional rifa de les super cistelles de Nadal de part de l\u2019 AFA. Per acabar, moltes abra\u00e7ades i petons han acompanyat la cloenda d\u2019un primer trimestre de curs molt intens per\u00f2 com sempre ple de molts moments \u00fanics i irrepetibles.<\/p>\n<p>Ara s\u00ed que podem dir-vos, Bon Nadal i bones festes!!!<\/p>\n<p><a href=\"https:\/\/photos.app.goo.gl\/9N3obeoVMa6ERJni9\">https:\/\/photos.app.goo.gl\/9N3obeoVMa6ERJni9<\/a><\/p>\n<p>&nbsp;<\/p>\n<p>&nbsp;<\/p>\n","protected":false},"excerpt":{"rendered":"<p>Despr\u00e9s de molts dies cuidant i mimant al nostre ti\u00f3, per f\u00ed ha arribat el dia tan esperat per tots els nens i nenes: fer-lo cagar! Despr\u00e9s d\u2019un esmorzar que hem compartit alumnes i mestres entre coses que hem portat de casa, hem anat a&hellip;  <a href=\"https:\/\/agora.xtec.cat\/zer-pedrera\/general\/fem-cagar-el-tio-a-lescola-porcel-de-cervera\/\" title=\"Read Fem cagar el ti\u00f3 a l\u2019escola Porcel de Cervera.\">Llegeix m\u00e9s\u00bb<\/a><\/p>\n","protected":false},"author":1,"featured_media":10086,"comment_status":"open","ping_status":"open","sticky":false,"template":"","format":"standard","meta":{"_bbp_topic_count":0,"_bbp_reply_count":0,"_bbp_total_topic_count":0,"_bbp_total_reply_count":0,"_bbp_voice_count":0,"_bbp_anonymous_reply_count":0,"_bbp_topic_count_hidden":0,"_bbp_reply_count_hidden":0,"_bbp_forum_subforum_count":0,"footnotes":""},"categories":[111,1,29],"tags":[],"class_list":["post-10082","post","type-post","status-publish","format-standard","has-post-thumbnail","hentry","category-escola-porcel-de-cervera","category-general","category-portada"],"post_mailing_queue_ids":[],"_links":{"self":[{"href":"https:\/\/agora.xtec.cat\/zer-pedrera\/wp-json\/wp\/v2\/posts\/10082","targetHints":{"allow":["GET"]}}],"collection":[{"href":"https:\/\/agora.xtec.cat\/zer-pedrera\/wp-json\/wp\/v2\/posts"}],"about":[{"href":"https:\/\/agora.xtec.cat\/zer-pedrera\/wp-json\/wp\/v2\/types\/post"}],"author":[{"embeddable":true,"href":"https:\/\/agora.xtec.cat\/zer-pedrera\/wp-json\/wp\/v2\/users\/1"}],"replies":[{"embeddable":true,"href":"https:\/\/agora.xtec.cat\/zer-pedrera\/wp-json\/wp\/v2\/comments?post=10082"}],"version-history":[{"count":4,"href":"https:\/\/agora.xtec.cat\/zer-pedrera\/wp-json\/wp\/v2\/posts\/10082\/revisions"}],"predecessor-version":[{"id":10087,"href":"https:\/\/agora.xtec.cat\/zer-pedrera\/wp-json\/wp\/v2\/posts\/10082\/revisions\/10087"}],"wp:featuredmedia":[{"embeddable":true,"href":"https:\/\/agora.xtec.cat\/zer-pedrera\/wp-json\/wp\/v2\/media\/10086"}],"wp:attachment":[{"href":"https:\/\/agora.xtec.cat\/zer-pedrera\/wp-json\/wp\/v2\/media?parent=10082"}],"wp:term":[{"taxonomy":"category","embeddable":true,"href":"https:\/\/agora.xtec.cat\/zer-pedrera\/wp-json\/wp\/v2\/categories?post=10082"},{"taxonomy":"post_tag","embeddable":true,"href":"https:\/\/agora.xtec.cat\/zer-pedrera\/wp-json\/wp\/v2\/tags?post=10082"}],"curies":[{"name":"wp","href":"https:\/\/api.w.org\/{rel}","templated":true}]}}