{"id":10075,"date":"2025-12-19T13:22:55","date_gmt":"2025-12-19T12:22:55","guid":{"rendered":"https:\/\/agora.xtec.cat\/zer-pedrera\/?p=10075"},"modified":"2025-12-19T13:22:55","modified_gmt":"2025-12-19T12:22:55","slug":"escola-abat-ruera-patge-i-cagar-el-tio","status":"publish","type":"post","link":"https:\/\/agora.xtec.cat\/zer-pedrera\/general\/escola-abat-ruera-patge-i-cagar-el-tio\/","title":{"rendered":"Escola Abat Ruera. Patge i cagar el Ti\u00f3!"},"content":{"rendered":"<p>Avui, \u00faltim dia abans de les vacances de Nadal, a l\u2019escola es respira molta il\u2022lusi\u00f3 i nervis, sobretot entre els m\u00e9s petits. Tota l\u2019escola es reuneix a la sala per compartir un mat\u00ed molt especial.<br \/>\nFem cagar el ti\u00f3, li cantem les can\u00e7ons nadalenques i celebrem junts aquest moment tan esperat. A continuaci\u00f3, entreguem les cartes al patge, amb cares d\u2019emoci\u00f3 i moltes ganes d\u2019explicar els seus desitjos.<br \/>\nEl mat\u00ed continua amb un esmorzar de xocolata calenta, coca i pa, que compartim tots plegats gr\u00e0cies a la gentilesa de l\u2019AFA de l\u2019escola, a qui volem agrair la seva col\u2022laboraci\u00f3.<br \/>\nUn mat\u00ed senzill per\u00f2 molt especial.<br \/>\nBones festes de Nadal!<\/p>\n<p><a href=\"https:\/\/agora.xtec.cat\/zer-pedrera\/wp-content\/uploads\/usu1473\/2025\/12\/WhatsApp-Image-2025-12-19-at-12.20.13-1.jpg\"><img loading=\"lazy\" decoding=\"async\" class=\"alignnone size-full wp-image-10076\" src=\"https:\/\/agora.xtec.cat\/zer-pedrera\/wp-content\/uploads\/usu1473\/2025\/12\/WhatsApp-Image-2025-12-19-at-12.20.13-1.jpg\" alt=\"\" width=\"300\" height=\"400\" srcset=\"https:\/\/agora.xtec.cat\/zer-pedrera\/wp-content\/uploads\/usu1473\/2025\/12\/WhatsApp-Image-2025-12-19-at-12.20.13-1.jpg 300w, https:\/\/agora.xtec.cat\/zer-pedrera\/wp-content\/uploads\/usu1473\/2025\/12\/WhatsApp-Image-2025-12-19-at-12.20.13-1-225x300.jpg 225w\" sizes=\"auto, (max-width: 300px) 100vw, 300px\" \/><\/a><\/p>\n<p>Per veure les fotografies del Patge clicar <a href=\"https:\/\/photos.app.goo.gl\/ghdpFz8rk3f9cPcm9\" target=\"_blank\" rel=\"noopener\">AQU\u00cd<\/a><\/p>\n<p>Per veure les fotografies de Cagar el Ti\u00f3 clicar <a href=\"https:\/\/photos.app.goo.gl\/73zuqDyWhcg28zKJ8\" target=\"_blank\" rel=\"noopener\">AQU\u00cd<\/a><\/p>\n<p>Per veure les fotgorafies de la xocolatada clicar <a href=\"https:\/\/photos.app.goo.gl\/Bxa4vwqZVfjXd42eA\" target=\"_blank\" rel=\"noopener\">AQU\u00cd<\/a><\/p>\n<p>&nbsp;<\/p>\n","protected":false},"excerpt":{"rendered":"<p>Avui, \u00faltim dia abans de les vacances de Nadal, a l\u2019escola es respira molta il\u2022lusi\u00f3 i nervis, sobretot entre els m\u00e9s petits. Tota l\u2019escola es reuneix a la sala per compartir un mat\u00ed molt especial.<br \/>\nFem cagar el ti\u00f3, li cantem les can\u00e7ons nadalenques i celebrem&hellip;  <a href=\"https:\/\/agora.xtec.cat\/zer-pedrera\/general\/escola-abat-ruera-patge-i-cagar-el-tio\/\" title=\"Read Escola Abat Ruera. Patge i cagar el Ti\u00f3!\">Llegeix m\u00e9s\u00bb<\/a><\/p>\n","protected":false},"author":1,"featured_media":10076,"comment_status":"open","ping_status":"open","sticky":false,"template":"","format":"standard","meta":{"_bbp_topic_count":0,"_bbp_reply_count":0,"_bbp_total_topic_count":0,"_bbp_total_reply_count":0,"_bbp_voice_count":0,"_bbp_anonymous_reply_count":0,"_bbp_topic_count_hidden":0,"_bbp_reply_count_hidden":0,"_bbp_forum_subforum_count":0,"footnotes":""},"categories":[113,110,1,116,29,89],"tags":[],"class_list":["post-10075","post","type-post","status-publish","format-standard","has-post-thumbnail","hentry","category-e-infantil","category-escola-abat-ruera","category-general","category-medi","category-portada","category-primaria"],"post_mailing_queue_ids":[],"_links":{"self":[{"href":"https:\/\/agora.xtec.cat\/zer-pedrera\/wp-json\/wp\/v2\/posts\/10075","targetHints":{"allow":["GET"]}}],"collection":[{"href":"https:\/\/agora.xtec.cat\/zer-pedrera\/wp-json\/wp\/v2\/posts"}],"about":[{"href":"https:\/\/agora.xtec.cat\/zer-pedrera\/wp-json\/wp\/v2\/types\/post"}],"author":[{"embeddable":true,"href":"https:\/\/agora.xtec.cat\/zer-pedrera\/wp-json\/wp\/v2\/users\/1"}],"replies":[{"embeddable":true,"href":"https:\/\/agora.xtec.cat\/zer-pedrera\/wp-json\/wp\/v2\/comments?post=10075"}],"version-history":[{"count":2,"href":"https:\/\/agora.xtec.cat\/zer-pedrera\/wp-json\/wp\/v2\/posts\/10075\/revisions"}],"predecessor-version":[{"id":10078,"href":"https:\/\/agora.xtec.cat\/zer-pedrera\/wp-json\/wp\/v2\/posts\/10075\/revisions\/10078"}],"wp:featuredmedia":[{"embeddable":true,"href":"https:\/\/agora.xtec.cat\/zer-pedrera\/wp-json\/wp\/v2\/media\/10076"}],"wp:attachment":[{"href":"https:\/\/agora.xtec.cat\/zer-pedrera\/wp-json\/wp\/v2\/media?parent=10075"}],"wp:term":[{"taxonomy":"category","embeddable":true,"href":"https:\/\/agora.xtec.cat\/zer-pedrera\/wp-json\/wp\/v2\/categories?post=10075"},{"taxonomy":"post_tag","embeddable":true,"href":"https:\/\/agora.xtec.cat\/zer-pedrera\/wp-json\/wp\/v2\/tags?post=10075"}],"curies":[{"name":"wp","href":"https:\/\/api.w.org\/{rel}","templated":true}]}}