{"id":10072,"date":"2025-12-18T22:40:38","date_gmt":"2025-12-18T21:40:38","guid":{"rendered":"https:\/\/agora.xtec.cat\/zer-pedrera\/?p=10072"},"modified":"2025-12-18T22:40:38","modified_gmt":"2025-12-18T21:40:38","slug":"escola-abat-ruera-marato-de-la-tv3-2","status":"publish","type":"post","link":"https:\/\/agora.xtec.cat\/zer-pedrera\/general\/escola-abat-ruera-marato-de-la-tv3-2\/","title":{"rendered":"Escola Abat Ruera. Marat\u00f3 de la TV3"},"content":{"rendered":"<p data-start=\"17\" data-end=\"198\">Amb la venda de detalls de Nadal realitzada el dia de la Marat\u00f3 al poble, juntament amb les vendes fetes durant el Festival de Nadal, s\u2019ha aconseguit recaptar un total de <strong data-start=\"188\" data-end=\"197\">274 \u20ac<\/strong>. Gr\u00e0cies a l\u2019esfor\u00e7 i la implicaci\u00f3 de tothom, hem pogut aportar el nostre granet de sorra a una causa tan necess\u00e0ria com \u00e9s <strong data-start=\"570\" data-end=\"590\">la Marat\u00f3 de TV3<\/strong>.<\/p>\n<p data-start=\"17\" data-end=\"198\"><a href=\"https:\/\/agora.xtec.cat\/zer-pedrera\/wp-content\/uploads\/usu1473\/2025\/12\/1758792213670.jpg\"><img loading=\"lazy\" decoding=\"async\" class=\"alignnone size-full wp-image-10073\" src=\"https:\/\/agora.xtec.cat\/zer-pedrera\/wp-content\/uploads\/usu1473\/2025\/12\/1758792213670.jpg\" alt=\"\" width=\"300\" height=\"391\" srcset=\"https:\/\/agora.xtec.cat\/zer-pedrera\/wp-content\/uploads\/usu1473\/2025\/12\/1758792213670.jpg 300w, https:\/\/agora.xtec.cat\/zer-pedrera\/wp-content\/uploads\/usu1473\/2025\/12\/1758792213670-230x300.jpg 230w\" sizes=\"auto, (max-width: 300px) 100vw, 300px\" \/><\/a><\/p>\n","protected":false},"excerpt":{"rendered":"<p>Amb la venda de detalls de Nadal realitzada el dia de la Marat\u00f3 al poble, juntament amb les vendes fetes durant el Festival de Nadal, s\u2019ha aconseguit recaptar un total de 274 \u20ac. Gr\u00e0cies a l\u2019esfor\u00e7 i la implicaci\u00f3 de tothom, hem pogut aportar el&hellip;  <a href=\"https:\/\/agora.xtec.cat\/zer-pedrera\/general\/escola-abat-ruera-marato-de-la-tv3-2\/\" title=\"Read Escola Abat Ruera. Marat\u00f3 de la TV3\">Llegeix m\u00e9s\u00bb<\/a><\/p>\n","protected":false},"author":1,"featured_media":10073,"comment_status":"open","ping_status":"open","sticky":false,"template":"","format":"standard","meta":{"_bbp_topic_count":0,"_bbp_reply_count":0,"_bbp_total_topic_count":0,"_bbp_total_reply_count":0,"_bbp_voice_count":0,"_bbp_anonymous_reply_count":0,"_bbp_topic_count_hidden":0,"_bbp_reply_count_hidden":0,"_bbp_forum_subforum_count":0,"footnotes":""},"categories":[113,110,1,29,89,122],"tags":[],"class_list":["post-10072","post","type-post","status-publish","format-standard","has-post-thumbnail","hentry","category-e-infantil","category-escola-abat-ruera","category-general","category-portada","category-primaria","category-valors"],"post_mailing_queue_ids":[],"_links":{"self":[{"href":"https:\/\/agora.xtec.cat\/zer-pedrera\/wp-json\/wp\/v2\/posts\/10072","targetHints":{"allow":["GET"]}}],"collection":[{"href":"https:\/\/agora.xtec.cat\/zer-pedrera\/wp-json\/wp\/v2\/posts"}],"about":[{"href":"https:\/\/agora.xtec.cat\/zer-pedrera\/wp-json\/wp\/v2\/types\/post"}],"author":[{"embeddable":true,"href":"https:\/\/agora.xtec.cat\/zer-pedrera\/wp-json\/wp\/v2\/users\/1"}],"replies":[{"embeddable":true,"href":"https:\/\/agora.xtec.cat\/zer-pedrera\/wp-json\/wp\/v2\/comments?post=10072"}],"version-history":[{"count":1,"href":"https:\/\/agora.xtec.cat\/zer-pedrera\/wp-json\/wp\/v2\/posts\/10072\/revisions"}],"predecessor-version":[{"id":10074,"href":"https:\/\/agora.xtec.cat\/zer-pedrera\/wp-json\/wp\/v2\/posts\/10072\/revisions\/10074"}],"wp:featuredmedia":[{"embeddable":true,"href":"https:\/\/agora.xtec.cat\/zer-pedrera\/wp-json\/wp\/v2\/media\/10073"}],"wp:attachment":[{"href":"https:\/\/agora.xtec.cat\/zer-pedrera\/wp-json\/wp\/v2\/media?parent=10072"}],"wp:term":[{"taxonomy":"category","embeddable":true,"href":"https:\/\/agora.xtec.cat\/zer-pedrera\/wp-json\/wp\/v2\/categories?post=10072"},{"taxonomy":"post_tag","embeddable":true,"href":"https:\/\/agora.xtec.cat\/zer-pedrera\/wp-json\/wp\/v2\/tags?post=10072"}],"curies":[{"name":"wp","href":"https:\/\/api.w.org\/{rel}","templated":true}]}}