{"id":10039,"date":"2025-12-12T14:46:24","date_gmt":"2025-12-12T13:46:24","guid":{"rendered":"https:\/\/agora.xtec.cat\/zer-pedrera\/?p=10039"},"modified":"2025-12-12T14:46:24","modified_gmt":"2025-12-12T13:46:24","slug":"els-mes-petitons-de-lescola-porcel-de-cervera-construim-larbre-familiar","status":"publish","type":"post","link":"https:\/\/agora.xtec.cat\/zer-pedrera\/general\/els-mes-petitons-de-lescola-porcel-de-cervera-construim-larbre-familiar\/","title":{"rendered":"Els m\u00e9s petitons de l&#8217;escola Porcel de Cervera constru\u00efm l&#8217;arbre familiar."},"content":{"rendered":"<p>Per tancar el projecte de la fam\u00edlia, els infants han fet l\u2019arbre geneal\u00f2gic de la seva fam\u00edlia m\u00e9s propera. Han col\u00b7locat els noms dels seus familiars en forma d&#8217;encaixos i han pogut veure d\u2019una manera clara qui forma part del seu entorn familiar. Ha estat una activitat bonica i molt significativa per acabar el projecte.<\/p>\n<p><a href=\"https:\/\/photos.app.goo.gl\/WEH9peCikd3gjNf49\">https:\/\/photos.app.goo.gl\/WEH9peCikd3gjNf49<\/a><\/p>\n","protected":false},"excerpt":{"rendered":"<p>Per tancar el projecte de la fam\u00edlia, els infants han fet l\u2019arbre geneal\u00f2gic de la seva fam\u00edlia m\u00e9s propera. Han col\u00b7locat els noms dels seus familiars en forma d&#8217;encaixos i han pogut veure d\u2019una manera clara qui forma part del seu entorn familiar. Ha estat&hellip;  <a href=\"https:\/\/agora.xtec.cat\/zer-pedrera\/general\/els-mes-petitons-de-lescola-porcel-de-cervera-construim-larbre-familiar\/\" title=\"Read Els m\u00e9s petitons de l&#8217;escola Porcel de Cervera constru\u00efm l&#8217;arbre familiar.\">Llegeix m\u00e9s\u00bb<\/a><\/p>\n","protected":false},"author":1,"featured_media":10040,"comment_status":"open","ping_status":"open","sticky":false,"template":"","format":"standard","meta":{"_bbp_topic_count":0,"_bbp_reply_count":0,"_bbp_total_topic_count":0,"_bbp_total_reply_count":0,"_bbp_voice_count":0,"_bbp_anonymous_reply_count":0,"_bbp_topic_count_hidden":0,"_bbp_reply_count_hidden":0,"_bbp_forum_subforum_count":0,"footnotes":""},"categories":[113,111,1,29],"tags":[],"class_list":["post-10039","post","type-post","status-publish","format-standard","has-post-thumbnail","hentry","category-e-infantil","category-escola-porcel-de-cervera","category-general","category-portada"],"post_mailing_queue_ids":[],"_links":{"self":[{"href":"https:\/\/agora.xtec.cat\/zer-pedrera\/wp-json\/wp\/v2\/posts\/10039","targetHints":{"allow":["GET"]}}],"collection":[{"href":"https:\/\/agora.xtec.cat\/zer-pedrera\/wp-json\/wp\/v2\/posts"}],"about":[{"href":"https:\/\/agora.xtec.cat\/zer-pedrera\/wp-json\/wp\/v2\/types\/post"}],"author":[{"embeddable":true,"href":"https:\/\/agora.xtec.cat\/zer-pedrera\/wp-json\/wp\/v2\/users\/1"}],"replies":[{"embeddable":true,"href":"https:\/\/agora.xtec.cat\/zer-pedrera\/wp-json\/wp\/v2\/comments?post=10039"}],"version-history":[{"count":2,"href":"https:\/\/agora.xtec.cat\/zer-pedrera\/wp-json\/wp\/v2\/posts\/10039\/revisions"}],"predecessor-version":[{"id":10055,"href":"https:\/\/agora.xtec.cat\/zer-pedrera\/wp-json\/wp\/v2\/posts\/10039\/revisions\/10055"}],"wp:featuredmedia":[{"embeddable":true,"href":"https:\/\/agora.xtec.cat\/zer-pedrera\/wp-json\/wp\/v2\/media\/10040"}],"wp:attachment":[{"href":"https:\/\/agora.xtec.cat\/zer-pedrera\/wp-json\/wp\/v2\/media?parent=10039"}],"wp:term":[{"taxonomy":"category","embeddable":true,"href":"https:\/\/agora.xtec.cat\/zer-pedrera\/wp-json\/wp\/v2\/categories?post=10039"},{"taxonomy":"post_tag","embeddable":true,"href":"https:\/\/agora.xtec.cat\/zer-pedrera\/wp-json\/wp\/v2\/tags?post=10039"}],"curies":[{"name":"wp","href":"https:\/\/api.w.org\/{rel}","templated":true}]}}