{"id":10009,"date":"2025-12-12T11:39:28","date_gmt":"2025-12-12T10:39:28","guid":{"rendered":"https:\/\/agora.xtec.cat\/zer-pedrera\/?p=10009"},"modified":"2025-12-12T11:39:28","modified_gmt":"2025-12-12T10:39:28","slug":"ci-de-lescola-abat-ruera-entrevista-a-la-pilar","status":"publish","type":"post","link":"https:\/\/agora.xtec.cat\/zer-pedrera\/general\/ci-de-lescola-abat-ruera-entrevista-a-la-pilar\/","title":{"rendered":"CI de l&#8217;escola Abat Ruera. Entrevista a la Pilar."},"content":{"rendered":"<p>A l\u2019escola estem immersos en un projecte per con\u00e8ixer millor el nostre poble, Puiggr\u00f2s. Despr\u00e9s d\u2019haver treballat els espais m\u00e9s significatius a nivell cultural, social i de serveis, hem volgut anar una mica m\u00e9s enll\u00e0 i apropar-nos a les persones que formen part del nostre dia a dia.<\/p>\n<p>Per aix\u00f2, hem preparat una entrevista especial. Entre tots hem pensat que la Pilar era la persona id\u00f2nia per parlar-hi i con\u00e8ixer-la una mica m\u00e9s. La seva implicaci\u00f3 amb el poble i el seu coneixement del nostre entorn la converteixen en una figura propera i molt estimada.<\/p>\n<p>Amb molta il\u00b7lusi\u00f3, hem elaborat les preguntes i ens hem organitzat perqu\u00e8 tots pogu\u00e9ssim participar. Ha estat una experi\u00e8ncia enriquidora que ens acosta una mica m\u00e9s al nostre entorn i a les persones que el fan especial.<\/p>\n<p>Per veure m\u00e9s fotografies clicar damunt de la imatge.<\/p>\n<p><a href=\"https:\/\/photos.app.goo.gl\/3iyJvhC1w7xk724w8\" target=\"_blank\" rel=\"noopener\"><img loading=\"lazy\" decoding=\"async\" class=\"alignnone size-full wp-image-10016\" src=\"https:\/\/agora.xtec.cat\/zer-pedrera\/wp-content\/uploads\/usu1473\/2025\/12\/portada-bona.jpg\" alt=\"\" width=\"300\" height=\"169\" \/><\/a><\/p>\n<p>&nbsp;<\/p>\n<p>&nbsp;<\/p>\n<p>&nbsp;<\/p>\n","protected":false},"excerpt":{"rendered":"<p>A l\u2019escola estem immersos en un projecte per con\u00e8ixer millor el nostre poble, Puiggr\u00f2s. Despr\u00e9s d\u2019haver treballat els espais m\u00e9s significatius a nivell cultural, social i de serveis, hem volgut anar una mica m\u00e9s enll\u00e0 i apropar-nos a les persones que formen part del nostre&hellip;  <a href=\"https:\/\/agora.xtec.cat\/zer-pedrera\/general\/ci-de-lescola-abat-ruera-entrevista-a-la-pilar\/\" title=\"Read CI de l&#8217;escola Abat Ruera. Entrevista a la Pilar.\">Llegeix m\u00e9s\u00bb<\/a><\/p>\n","protected":false},"author":1,"featured_media":10016,"comment_status":"open","ping_status":"open","sticky":false,"template":"","format":"standard","meta":{"_bbp_topic_count":0,"_bbp_reply_count":0,"_bbp_total_topic_count":0,"_bbp_total_reply_count":0,"_bbp_voice_count":0,"_bbp_anonymous_reply_count":0,"_bbp_topic_count_hidden":0,"_bbp_reply_count_hidden":0,"_bbp_forum_subforum_count":0,"footnotes":""},"categories":[113,110,1,116,29,89,120],"tags":[],"class_list":["post-10009","post","type-post","status-publish","format-standard","has-post-thumbnail","hentry","category-e-infantil","category-escola-abat-ruera","category-general","category-medi","category-portada","category-primaria","category-projectes"],"post_mailing_queue_ids":[],"_links":{"self":[{"href":"https:\/\/agora.xtec.cat\/zer-pedrera\/wp-json\/wp\/v2\/posts\/10009","targetHints":{"allow":["GET"]}}],"collection":[{"href":"https:\/\/agora.xtec.cat\/zer-pedrera\/wp-json\/wp\/v2\/posts"}],"about":[{"href":"https:\/\/agora.xtec.cat\/zer-pedrera\/wp-json\/wp\/v2\/types\/post"}],"author":[{"embeddable":true,"href":"https:\/\/agora.xtec.cat\/zer-pedrera\/wp-json\/wp\/v2\/users\/1"}],"replies":[{"embeddable":true,"href":"https:\/\/agora.xtec.cat\/zer-pedrera\/wp-json\/wp\/v2\/comments?post=10009"}],"version-history":[{"count":2,"href":"https:\/\/agora.xtec.cat\/zer-pedrera\/wp-json\/wp\/v2\/posts\/10009\/revisions"}],"predecessor-version":[{"id":10034,"href":"https:\/\/agora.xtec.cat\/zer-pedrera\/wp-json\/wp\/v2\/posts\/10009\/revisions\/10034"}],"wp:featuredmedia":[{"embeddable":true,"href":"https:\/\/agora.xtec.cat\/zer-pedrera\/wp-json\/wp\/v2\/media\/10016"}],"wp:attachment":[{"href":"https:\/\/agora.xtec.cat\/zer-pedrera\/wp-json\/wp\/v2\/media?parent=10009"}],"wp:term":[{"taxonomy":"category","embeddable":true,"href":"https:\/\/agora.xtec.cat\/zer-pedrera\/wp-json\/wp\/v2\/categories?post=10009"},{"taxonomy":"post_tag","embeddable":true,"href":"https:\/\/agora.xtec.cat\/zer-pedrera\/wp-json\/wp\/v2\/tags?post=10009"}],"curies":[{"name":"wp","href":"https:\/\/api.w.org\/{rel}","templated":true}]}}