{"id":5835,"date":"2026-04-27T15:19:51","date_gmt":"2026-04-27T13:19:51","guid":{"rendered":"https:\/\/agora.xtec.cat\/zer-mediterrania\/?p=5835"},"modified":"2026-04-27T15:29:33","modified_gmt":"2026-04-27T13:29:33","slug":"escola-marjal-participa-al-projecte-collectiu-expressem-els-nostres-drets","status":"publish","type":"post","link":"https:\/\/agora.xtec.cat\/zer-mediterrania\/general\/escola-marjal-participa-al-projecte-collectiu-expressem-els-nostres-drets\/","title":{"rendered":"Escola Marjal participa al projecte col\u00b7lectiu \u201cExpressem els nostres drets\u201d"},"content":{"rendered":"<p>Ens fa molta il\u00b7lusi\u00f3 compartir amb vosaltres que tot l\u2019alumnat de l\u2019Escola Marjal ha participat activament en el projecte col\u00b7lectiu <strong>\u201cExpressem els nostres drets\u201d<\/strong>, una iniciativa que hem desenvolupat conjuntament amb l\u2019AFA i l\u2019Ajuntament d\u2019Alcanar.<\/p>\n<p>Aquest projecte neix amb la voluntat de donar veu als infants i oferir-los un espai on poder expressar les seves idees, inquietuds i reivindicacions a trav\u00e9s de l\u2019art urb\u00e0, especialment els murals i els grafits.<\/p>\n<p><strong>En qu\u00e8 ha consistit el projecte?<\/strong><\/p>\n<p>Al llarg de diversos mesos, l\u2019alumnat de tots els cicles (infantil, inicial, mitj\u00e0 i superior) ha treballat a l\u2019aula diferents aspectes clau:<\/p>\n<ul>\n<li>El coneixement dels <strong>drets dels infants<\/strong>, a partir de la Convenci\u00f3 dels Drets de la Inf\u00e0ncia.<\/li>\n<li>La reflexi\u00f3 sobre els <strong>deures i la cura dels espais comuns<\/strong>.<\/li>\n<li>El descobriment de l\u2019<strong>art urb\u00e0<\/strong> com a eina d\u2019expressi\u00f3 i transformaci\u00f3 social.<\/li>\n<li>La creaci\u00f3 de <strong>dibuixos i propostes art\u00edstiques pr\u00f2pies<\/strong> per comunicar els drets que consideren m\u00e9s importants.<\/li>\n<\/ul>\n<p>A partir d\u2019aquest treball previ, l\u2019alumnat ha participat en el disseny dels murals, i ha col\u00b7laborat en el proc\u00e9s de creaci\u00f3 juntament amb l\u2019artista local <strong>Lara Gombau<\/strong>, que ha acompanyat i guiat els infants en la transformaci\u00f3 de les seves idees en obres reals.<\/p>\n<p><strong>Un projecte col\u00b7lectiu i transformador<\/strong><\/p>\n<p>Aquest projecte ha estat molt m\u00e9s que una activitat art\u00edstica. Ha estat una experi\u00e8ncia d\u2019aprenentatge compartit que ha perm\u00e8s:<\/p>\n<ul>\n<li>Fomentar la participaci\u00f3 activa dels infants.<\/li>\n<li>Donar valor a les seves opinions i mirades.<\/li>\n<li>Millorar i embellir espais del nostre entorn.<\/li>\n<li>Enfortir el vincle entre escola, fam\u00edlies i municipi.<\/li>\n<\/ul>\n<p><strong>Resultat final: 3 murals plens de significat<\/strong><\/p>\n<p>Com a resultat de tot aquest proc\u00e9s, s\u2019han realitzat <strong>tres murals<\/strong> que reflecteixen els drets dels infants des de la mirada dels nostres alumnes.<\/p>\n<p>A continuaci\u00f3, us deixem un recull de <a href=\"https:\/\/drive.google.com\/drive\/folders\/1fgZL_Ww05q1HiC8VZZ9Oe3jwvpr3UelZ?usp=sharing\">fotos<\/a>\u00a0<span style=\"font-size: 16px; font-style: normal; font-weight: 400;\">\u00a0<\/span><span style=\"font-size: 16px; font-style: normal; font-weight: 400;\">dels murals perqu\u00e8 pugueu veure el resultat final d\u2019aquest gran treball col\u00b7lectiu.<\/span><\/p>\n<p>Moltes gr\u00e0cies a totes les persones que ho han fet possible!<\/p>\n","protected":false},"excerpt":{"rendered":"<p>Ens fa molta il\u00b7lusi\u00f3 compartir amb vosaltres que tot l\u2019alumnat de l\u2019Escola Marjal ha participat activament en el projecte col\u00b7lectiu \u201cExpressem els nostres drets\u201d, una iniciativa que hem desenvolupat conjuntament amb l\u2019AFA i l\u2019Ajuntament d\u2019Alcanar. Aquest projecte neix amb la voluntat de donar veu als infants i oferir-los un espai on poder expressar les seves [&hellip;]<\/p>\n","protected":false},"author":8,"featured_media":5837,"comment_status":"closed","ping_status":"closed","sticky":false,"template":"","format":"standard","meta":{"_bbp_topic_count":0,"_bbp_reply_count":0,"_bbp_total_topic_count":0,"_bbp_total_reply_count":0,"_bbp_voice_count":0,"_bbp_anonymous_reply_count":0,"_bbp_topic_count_hidden":0,"_bbp_reply_count_hidden":0,"_bbp_forum_subforum_count":0,"site-sidebar-layout":"default","site-content-layout":"","ast-site-content-layout":"default","site-content-style":"default","site-sidebar-style":"default","ast-global-header-display":"","ast-banner-title-visibility":"","ast-main-header-display":"","ast-hfb-above-header-display":"","ast-hfb-below-header-display":"","ast-hfb-mobile-header-display":"","site-post-title":"","ast-breadcrumbs-content":"","ast-featured-img":"","footer-sml-layout":"","theme-transparent-header-meta":"default","adv-header-id-meta":"","stick-header-meta":"","header-above-stick-meta":"","header-main-stick-meta":"","header-below-stick-meta":"","astra-migrate-meta-layouts":"set","ast-page-background-enabled":"default","ast-page-background-meta":{"desktop":{"background-color":"var(--ast-global-color-4)","background-image":"","background-repeat":"repeat","background-position":"center center","background-size":"auto","background-attachment":"scroll","background-type":"","background-media":"","overlay-type":"","overlay-color":"","overlay-opacity":"","overlay-gradient":""},"tablet":{"background-color":"","background-image":"","background-repeat":"repeat","background-position":"center center","background-size":"auto","background-attachment":"scroll","background-type":"","background-media":"","overlay-type":"","overlay-color":"","overlay-opacity":"","overlay-gradient":""},"mobile":{"background-color":"","background-image":"","background-repeat":"repeat","background-position":"center center","background-size":"auto","background-attachment":"scroll","background-type":"","background-media":"","overlay-type":"","overlay-color":"","overlay-opacity":"","overlay-gradient":""}},"ast-content-background-meta":{"desktop":{"background-color":"var(--ast-global-color-5)","background-image":"","background-repeat":"repeat","background-position":"center center","background-size":"auto","background-attachment":"scroll","background-type":"","background-media":"","overlay-type":"","overlay-color":"","overlay-opacity":"","overlay-gradient":""},"tablet":{"background-color":"var(--ast-global-color-5)","background-image":"","background-repeat":"repeat","background-position":"center center","background-size":"auto","background-attachment":"scroll","background-type":"","background-media":"","overlay-type":"","overlay-color":"","overlay-opacity":"","overlay-gradient":""},"mobile":{"background-color":"var(--ast-global-color-5)","background-image":"","background-repeat":"repeat","background-position":"center center","background-size":"auto","background-attachment":"scroll","background-type":"","background-media":"","overlay-type":"","overlay-color":"","overlay-opacity":"","overlay-gradient":""}},"footnotes":""},"categories":[59,1,29],"tags":[],"class_list":["post-5835","post","type-post","status-publish","format-standard","has-post-thumbnail","hentry","category-escola-marjal","category-general","category-portada"],"post_mailing_queue_ids":[],"_links":{"self":[{"href":"https:\/\/agora.xtec.cat\/zer-mediterrania\/wp-json\/wp\/v2\/posts\/5835","targetHints":{"allow":["GET"]}}],"collection":[{"href":"https:\/\/agora.xtec.cat\/zer-mediterrania\/wp-json\/wp\/v2\/posts"}],"about":[{"href":"https:\/\/agora.xtec.cat\/zer-mediterrania\/wp-json\/wp\/v2\/types\/post"}],"author":[{"embeddable":true,"href":"https:\/\/agora.xtec.cat\/zer-mediterrania\/wp-json\/wp\/v2\/users\/8"}],"replies":[{"embeddable":true,"href":"https:\/\/agora.xtec.cat\/zer-mediterrania\/wp-json\/wp\/v2\/comments?post=5835"}],"version-history":[{"count":5,"href":"https:\/\/agora.xtec.cat\/zer-mediterrania\/wp-json\/wp\/v2\/posts\/5835\/revisions"}],"predecessor-version":[{"id":5842,"href":"https:\/\/agora.xtec.cat\/zer-mediterrania\/wp-json\/wp\/v2\/posts\/5835\/revisions\/5842"}],"wp:featuredmedia":[{"embeddable":true,"href":"https:\/\/agora.xtec.cat\/zer-mediterrania\/wp-json\/wp\/v2\/media\/5837"}],"wp:attachment":[{"href":"https:\/\/agora.xtec.cat\/zer-mediterrania\/wp-json\/wp\/v2\/media?parent=5835"}],"wp:term":[{"taxonomy":"category","embeddable":true,"href":"https:\/\/agora.xtec.cat\/zer-mediterrania\/wp-json\/wp\/v2\/categories?post=5835"},{"taxonomy":"post_tag","embeddable":true,"href":"https:\/\/agora.xtec.cat\/zer-mediterrania\/wp-json\/wp\/v2\/tags?post=5835"}],"curies":[{"name":"wp","href":"https:\/\/api.w.org\/{rel}","templated":true}]}}