{"id":5814,"date":"2026-04-27T11:43:01","date_gmt":"2026-04-27T09:43:01","guid":{"rendered":"https:\/\/agora.xtec.cat\/zer-mediterrania\/?p=5814"},"modified":"2026-04-27T11:43:01","modified_gmt":"2026-04-27T09:43:01","slug":"jornades-culturals-del-circ-a-lescola-setze-de-febrer","status":"publish","type":"post","link":"https:\/\/agora.xtec.cat\/zer-mediterrania\/general\/jornades-culturals-del-circ-a-lescola-setze-de-febrer\/","title":{"rendered":"Jornades Culturals del Circ a l&#8217;escola Setze de Febrer"},"content":{"rendered":"<p>Les Jornades Culturals d\u2019aquest curs a la nostra escola han tingut lloc del 20 al 24 d&#8217;abril i han estat dedicades al m\u00f3n del circ. Aquest \u00e9s el fil conductor d\u2019enguany amb el qual es realitzen diferents projectes, des de les disfresses de Carnaval fins als articles de la revista que publicar\u00e0 la ZER Mediterr\u00e0nia.<\/p>\n<p>Aix\u00ed, tot l\u2019alumnat del centre des de la comunitat de llar fins als m\u00e9s grans de l&#8217;escola, ha pogut gaudir d\u2019una gran varietat d\u2019activitats com ara descobrir els artistes que treballen al circ, fer titelles, aprendre sobre la hist\u00f2ria del circ, decorar tant la porta de cada comunitat com l\u2019escola per ambientar-la a la tem\u00e0tica, els valors del circ, trucs de m\u00e0gia, m\u00fasica i ritmes del circ, racons de psicomotricitat i malabars, experiments, &#8216;Circus activities in English&#8217;, etc. Tamb\u00e9 hem comptat amb la participaci\u00f3 de les fam\u00edlies en dos tallers diferents: un de conta contes del circ i l&#8217;altre de pinta cares i de creaci\u00f3 de pilotes malabars. A m\u00e9s de la participaci\u00f3 de l&#8217;artista &#8216;Xispeta&#8217; la qual ens va preparar un taller de globoflexia i un espectacle de mocadors. Moltes gr\u00e0cies en nom de tot el claustre a tothom qui ha pogut participar.<\/p>\n<p>Durant aquesta setmana tamb\u00e9 hem celebrat Sant Jordi amb una paradeta de roses i llibres a la pla\u00e7a de l&#8217;ajuntament i la visita de l&#8217;il\u00b7lustrador Jorge del Corral, que ens ha regalat uns dibuixos molt originals.<\/p>\n<p>I sabeu qu\u00e8? El que m\u00e9s ens ha agradat ha sigut compartir-ho amb les fam\u00edlies i el p\u00fablic general durant les portes obertes que s&#8217;han celebrat el divendres a la tarda com a clausura de les jornades.<\/p>\n<p>Si voleu veure les fotografies de les Jornades Culturals, feu clic <a href=\"https:\/\/photos.app.goo.gl\/ttemE3B79pwcMu1Z7\">AQU\u00cd<\/a>.<\/p>\n","protected":false},"excerpt":{"rendered":"<p>Les Jornades Culturals d\u2019aquest curs a la nostra escola han tingut lloc del 20 al 24 d&#8217;abril i han estat dedicades al m\u00f3n del circ. Aquest \u00e9s el fil conductor d\u2019enguany amb el qual es realitzen diferents projectes, des de les disfresses de Carnaval fins als articles de la revista que publicar\u00e0 la ZER Mediterr\u00e0nia. [&hellip;]<\/p>\n","protected":false},"author":45,"featured_media":5818,"comment_status":"open","ping_status":"open","sticky":false,"template":"","format":"standard","meta":{"_bbp_topic_count":0,"_bbp_reply_count":0,"_bbp_total_topic_count":0,"_bbp_total_reply_count":0,"_bbp_voice_count":0,"_bbp_anonymous_reply_count":0,"_bbp_topic_count_hidden":0,"_bbp_reply_count_hidden":0,"_bbp_forum_subforum_count":0,"site-sidebar-layout":"default","site-content-layout":"","ast-site-content-layout":"default","site-content-style":"default","site-sidebar-style":"default","ast-global-header-display":"","ast-banner-title-visibility":"","ast-main-header-display":"","ast-hfb-above-header-display":"","ast-hfb-below-header-display":"","ast-hfb-mobile-header-display":"","site-post-title":"","ast-breadcrumbs-content":"","ast-featured-img":"","footer-sml-layout":"","theme-transparent-header-meta":"default","adv-header-id-meta":"","stick-header-meta":"","header-above-stick-meta":"","header-main-stick-meta":"","header-below-stick-meta":"","astra-migrate-meta-layouts":"set","ast-page-background-enabled":"default","ast-page-background-meta":{"desktop":{"background-color":"var(--ast-global-color-4)","background-image":"","background-repeat":"repeat","background-position":"center center","background-size":"auto","background-attachment":"scroll","background-type":"","background-media":"","overlay-type":"","overlay-color":"","overlay-opacity":"","overlay-gradient":""},"tablet":{"background-color":"","background-image":"","background-repeat":"repeat","background-position":"center center","background-size":"auto","background-attachment":"scroll","background-type":"","background-media":"","overlay-type":"","overlay-color":"","overlay-opacity":"","overlay-gradient":""},"mobile":{"background-color":"","background-image":"","background-repeat":"repeat","background-position":"center center","background-size":"auto","background-attachment":"scroll","background-type":"","background-media":"","overlay-type":"","overlay-color":"","overlay-opacity":"","overlay-gradient":""}},"ast-content-background-meta":{"desktop":{"background-color":"var(--ast-global-color-5)","background-image":"","background-repeat":"repeat","background-position":"center center","background-size":"auto","background-attachment":"scroll","background-type":"","background-media":"","overlay-type":"","overlay-color":"","overlay-opacity":"","overlay-gradient":""},"tablet":{"background-color":"var(--ast-global-color-5)","background-image":"","background-repeat":"repeat","background-position":"center center","background-size":"auto","background-attachment":"scroll","background-type":"","background-media":"","overlay-type":"","overlay-color":"","overlay-opacity":"","overlay-gradient":""},"mobile":{"background-color":"var(--ast-global-color-5)","background-image":"","background-repeat":"repeat","background-position":"center center","background-size":"auto","background-attachment":"scroll","background-type":"","background-media":"","overlay-type":"","overlay-color":"","overlay-opacity":"","overlay-gradient":""}},"footnotes":""},"categories":[68,1],"tags":[],"class_list":["post-5814","post","type-post","status-publish","format-standard","has-post-thumbnail","hentry","category-escola-16","category-general"],"post_mailing_queue_ids":[],"_links":{"self":[{"href":"https:\/\/agora.xtec.cat\/zer-mediterrania\/wp-json\/wp\/v2\/posts\/5814","targetHints":{"allow":["GET"]}}],"collection":[{"href":"https:\/\/agora.xtec.cat\/zer-mediterrania\/wp-json\/wp\/v2\/posts"}],"about":[{"href":"https:\/\/agora.xtec.cat\/zer-mediterrania\/wp-json\/wp\/v2\/types\/post"}],"author":[{"embeddable":true,"href":"https:\/\/agora.xtec.cat\/zer-mediterrania\/wp-json\/wp\/v2\/users\/45"}],"replies":[{"embeddable":true,"href":"https:\/\/agora.xtec.cat\/zer-mediterrania\/wp-json\/wp\/v2\/comments?post=5814"}],"version-history":[{"count":4,"href":"https:\/\/agora.xtec.cat\/zer-mediterrania\/wp-json\/wp\/v2\/posts\/5814\/revisions"}],"predecessor-version":[{"id":5819,"href":"https:\/\/agora.xtec.cat\/zer-mediterrania\/wp-json\/wp\/v2\/posts\/5814\/revisions\/5819"}],"wp:featuredmedia":[{"embeddable":true,"href":"https:\/\/agora.xtec.cat\/zer-mediterrania\/wp-json\/wp\/v2\/media\/5818"}],"wp:attachment":[{"href":"https:\/\/agora.xtec.cat\/zer-mediterrania\/wp-json\/wp\/v2\/media?parent=5814"}],"wp:term":[{"taxonomy":"category","embeddable":true,"href":"https:\/\/agora.xtec.cat\/zer-mediterrania\/wp-json\/wp\/v2\/categories?post=5814"},{"taxonomy":"post_tag","embeddable":true,"href":"https:\/\/agora.xtec.cat\/zer-mediterrania\/wp-json\/wp\/v2\/tags?post=5814"}],"curies":[{"name":"wp","href":"https:\/\/api.w.org\/{rel}","templated":true}]}}