{"id":5799,"date":"2026-04-21T13:31:38","date_gmt":"2026-04-21T11:31:38","guid":{"rendered":"https:\/\/agora.xtec.cat\/zer-mediterrania\/?p=5799"},"modified":"2026-04-21T13:31:38","modified_gmt":"2026-04-21T11:31:38","slug":"premis-v-concurs-revista-lo-rafal","status":"publish","type":"post","link":"https:\/\/agora.xtec.cat\/zer-mediterrania\/escola-marjal\/premis-v-concurs-revista-lo-rafal\/","title":{"rendered":"Premis V concurs revista lo Rafal"},"content":{"rendered":"<p data-start=\"0\" data-end=\"191\">Este curs 2025-2026 s\u2019ha celebrat la cinquena edici\u00f3 del concurs promogut per la revista <em data-start=\"91\" data-end=\"101\">Lo Rafal<\/em>. El tema d\u2019enguany convidava l\u2019alumnat a imaginar com veuen el poble d\u2019aqu\u00ed a deu anys.<\/p>\n<p data-start=\"193\" data-end=\"440\">Com en edicions anteriors, els treballs es podien presentar tant de manera individual com col\u00b7lectiva. Hi han participat les classes de 5\u00e8 i 6\u00e8 de prim\u00e0ria de l\u2019Escola Marjal, de les Cases d\u2019Alcanar, i de l\u2019Escola Joan Baptista Serra, d\u2019Alcanar.<\/p>\n<p data-start=\"442\" data-end=\"633\">S\u2019han atorgat un primer i un segon premi per a cada categoria: individual i col\u00b7lectiva de 5\u00e8, i individual i col\u00b7lectiva de 6\u00e8, a m\u00e9s d\u2019un reconeixement especial al pseud\u00f2nim m\u00e9s original.<\/p>\n<p data-start=\"635\" data-end=\"792\">L\u2019entrega de premis es va celebrar el dissabte 18 d\u2019abril a les 11.30 h, en un acte que va tenir lloc a l\u2019exterior de la biblioteca de les Cases d\u2019Alcanar.<\/p>\n<p data-start=\"794\" data-end=\"965\" data-is-last-node=\"\" data-is-only-node=\"\">Des de l\u2019Escola Marjal, l\u2019alumnat va obtenir diversos guardons: en la categoria de 5\u00e8, tant en la modalitat col\u00b7lectiva com individual, i en la categoria individual de 6\u00e8.<\/p>\n<p>&nbsp;<\/p>\n<p>Podeu veure algunes de les imatges clicant a l&#8217;enlla\u00e7: <a href=\"https:\/\/drive.google.com\/drive\/folders\/1zZZQuZ4yCQpY4iHokkOo5LapKGNnCnxB?usp=sharing\">FOTOS<\/a>. Recordeu heu d&#8217;escriure el correu <span class=\"\">@<\/span>escolamarjal.cat per veure les fotos.<\/p>\n","protected":false},"excerpt":{"rendered":"<p>Este curs 2025-2026 s\u2019ha celebrat la cinquena edici\u00f3 del concurs promogut per la revista Lo Rafal. El tema d\u2019enguany convidava l\u2019alumnat a imaginar com veuen el poble d\u2019aqu\u00ed a deu anys. Com en edicions anteriors, els treballs es podien presentar tant de manera individual com col\u00b7lectiva. Hi han participat les classes de 5\u00e8 i 6\u00e8 [&hellip;]<\/p>\n","protected":false},"author":12,"featured_media":2682,"comment_status":"closed","ping_status":"closed","sticky":false,"template":"","format":"standard","meta":{"_bbp_topic_count":0,"_bbp_reply_count":0,"_bbp_total_topic_count":0,"_bbp_total_reply_count":0,"_bbp_voice_count":0,"_bbp_anonymous_reply_count":0,"_bbp_topic_count_hidden":0,"_bbp_reply_count_hidden":0,"_bbp_forum_subforum_count":0,"site-sidebar-layout":"default","site-content-layout":"","ast-site-content-layout":"default","site-content-style":"default","site-sidebar-style":"default","ast-global-header-display":"","ast-banner-title-visibility":"","ast-main-header-display":"","ast-hfb-above-header-display":"","ast-hfb-below-header-display":"","ast-hfb-mobile-header-display":"","site-post-title":"","ast-breadcrumbs-content":"","ast-featured-img":"","footer-sml-layout":"","theme-transparent-header-meta":"default","adv-header-id-meta":"","stick-header-meta":"","header-above-stick-meta":"","header-main-stick-meta":"","header-below-stick-meta":"","astra-migrate-meta-layouts":"set","ast-page-background-enabled":"default","ast-page-background-meta":{"desktop":{"background-color":"var(--ast-global-color-4)","background-image":"","background-repeat":"repeat","background-position":"center center","background-size":"auto","background-attachment":"scroll","background-type":"","background-media":"","overlay-type":"","overlay-color":"","overlay-opacity":"","overlay-gradient":""},"tablet":{"background-color":"","background-image":"","background-repeat":"repeat","background-position":"center center","background-size":"auto","background-attachment":"scroll","background-type":"","background-media":"","overlay-type":"","overlay-color":"","overlay-opacity":"","overlay-gradient":""},"mobile":{"background-color":"","background-image":"","background-repeat":"repeat","background-position":"center center","background-size":"auto","background-attachment":"scroll","background-type":"","background-media":"","overlay-type":"","overlay-color":"","overlay-opacity":"","overlay-gradient":""}},"ast-content-background-meta":{"desktop":{"background-color":"var(--ast-global-color-5)","background-image":"","background-repeat":"repeat","background-position":"center center","background-size":"auto","background-attachment":"scroll","background-type":"","background-media":"","overlay-type":"","overlay-color":"","overlay-opacity":"","overlay-gradient":""},"tablet":{"background-color":"var(--ast-global-color-5)","background-image":"","background-repeat":"repeat","background-position":"center center","background-size":"auto","background-attachment":"scroll","background-type":"","background-media":"","overlay-type":"","overlay-color":"","overlay-opacity":"","overlay-gradient":""},"mobile":{"background-color":"var(--ast-global-color-5)","background-image":"","background-repeat":"repeat","background-position":"center center","background-size":"auto","background-attachment":"scroll","background-type":"","background-media":"","overlay-type":"","overlay-color":"","overlay-opacity":"","overlay-gradient":""}},"footnotes":""},"categories":[66,67,59],"tags":[],"class_list":["post-5799","post","type-post","status-publish","format-standard","has-post-thumbnail","hentry","category-5e-escola-marjal","category-6e-escola-marjal","category-escola-marjal"],"post_mailing_queue_ids":[],"_links":{"self":[{"href":"https:\/\/agora.xtec.cat\/zer-mediterrania\/wp-json\/wp\/v2\/posts\/5799","targetHints":{"allow":["GET"]}}],"collection":[{"href":"https:\/\/agora.xtec.cat\/zer-mediterrania\/wp-json\/wp\/v2\/posts"}],"about":[{"href":"https:\/\/agora.xtec.cat\/zer-mediterrania\/wp-json\/wp\/v2\/types\/post"}],"author":[{"embeddable":true,"href":"https:\/\/agora.xtec.cat\/zer-mediterrania\/wp-json\/wp\/v2\/users\/12"}],"replies":[{"embeddable":true,"href":"https:\/\/agora.xtec.cat\/zer-mediterrania\/wp-json\/wp\/v2\/comments?post=5799"}],"version-history":[{"count":1,"href":"https:\/\/agora.xtec.cat\/zer-mediterrania\/wp-json\/wp\/v2\/posts\/5799\/revisions"}],"predecessor-version":[{"id":5800,"href":"https:\/\/agora.xtec.cat\/zer-mediterrania\/wp-json\/wp\/v2\/posts\/5799\/revisions\/5800"}],"wp:featuredmedia":[{"embeddable":true,"href":"https:\/\/agora.xtec.cat\/zer-mediterrania\/wp-json\/wp\/v2\/media\/2682"}],"wp:attachment":[{"href":"https:\/\/agora.xtec.cat\/zer-mediterrania\/wp-json\/wp\/v2\/media?parent=5799"}],"wp:term":[{"taxonomy":"category","embeddable":true,"href":"https:\/\/agora.xtec.cat\/zer-mediterrania\/wp-json\/wp\/v2\/categories?post=5799"},{"taxonomy":"post_tag","embeddable":true,"href":"https:\/\/agora.xtec.cat\/zer-mediterrania\/wp-json\/wp\/v2\/tags?post=5799"}],"curies":[{"name":"wp","href":"https:\/\/api.w.org\/{rel}","templated":true}]}}