{"id":5638,"date":"2026-01-14T17:49:40","date_gmt":"2026-01-14T16:49:40","guid":{"rendered":"https:\/\/agora.xtec.cat\/zer-mediterrania\/?p=5638"},"modified":"2026-02-14T18:41:12","modified_gmt":"2026-02-14T17:41:12","slug":"visita-de-lempresaria-maribel-escala-a-5e","status":"publish","type":"post","link":"https:\/\/agora.xtec.cat\/zer-mediterrania\/portada\/visita-de-lempresaria-maribel-escala-a-5e\/","title":{"rendered":"VISITA DE L&#8217;EMPRES\u00c0RIA MARIBEL ESCALA A 5\u00e8"},"content":{"rendered":"<p>Futurs empres\u00e0ries i empresaris,<\/p>\n<div class=\"separator\" data-original-attrs=\"{&quot;style&quot;:&quot;&quot;}\"><a href=\"https:\/\/www.blogger.com\/blog\/post\/edit\/6042012844058086412\/3121091497768166814#\" data-original-attrs=\"{&quot;data-original-href&quot;:&quot;https:\/\/blogger.googleusercontent.com\/img\/b\/R29vZ2xl\/AVvXsEjFcPGDzFKuMKFP4R8DQpmglnyRffgJDZpaBQr6siCMmOARl9Jk3y7Vzoxk9f6liBkEquP-69EAXcxFkkxM4SqBGnFl4FFhKhFncHlcC_2S3R9hXJ0DlaUzI-1V1YneiKa_Q6GB3kwwscrwJUz9tMyuFeRnXDfZ5Qv0hsD8Wubs7X2WvTgPma8TwIyta4s\/s119\/logotip-FER.png&quot;,&quot;style&quot;:&quot;&quot;}\"><img loading=\"lazy\" decoding=\"async\" src=\"https:\/\/blogger.googleusercontent.com\/img\/b\/R29vZ2xl\/AVvXsEjFcPGDzFKuMKFP4R8DQpmglnyRffgJDZpaBQr6siCMmOARl9Jk3y7Vzoxk9f6liBkEquP-69EAXcxFkkxM4SqBGnFl4FFhKhFncHlcC_2S3R9hXJ0DlaUzI-1V1YneiKa_Q6GB3kwwscrwJUz9tMyuFeRnXDfZ5Qv0hsD8Wubs7X2WvTgPma8TwIyta4s\/s1600\/logotip-FER.png\" width=\"108\" height=\"119\" border=\"0\" data-original-height=\"119\" data-original-width=\"108\" \/><\/a><\/div>\n<p>Avui 14 de gener ens ha visitat a l&#8217;escola la Maribel Escala, propiet\u00e0ria del sal\u00f3 de perruqueria Rafel Pag\u00e8s de Cases d&#8217;Alcanar. Li hem pogut fer un munt de preguntes i ha estat molt interessant coneixer com va comen\u00e7ar a treballar de perruquera i tot el proc\u00e9s delaboraci\u00f3 i anys d&#8217;experiencia en el franquiciat i com funciona una franquicia de perruqueria<\/p>\n<p><span data-keep-original-tag=\"false\" data-original-attrs=\"{&quot;style&quot;:&quot;&quot;}\">Avui ens ha visitat a l\u2019escola la Maribel Escala, propiet\u00e0ria del sal\u00f3 de perruqueria Rafel Pag\u00e8s de les Cases d\u2019Alcanar. Li hem pogut fer un munt de preguntes i ha estat molt interessant con\u00e8ixer com va comen\u00e7ar en el m\u00f3n de la perruqueria i com ha anat construint la seva traject\u00f2ria professional al llarg dels anys. Tamb\u00e9 hem descobert com funciona una franqu\u00edcia de perruqueria i quins reptes i oportunitats comporta aquest model de negoci.<\/span><\/p>\n<p><strong>AQU\u00cd TENIU TOTA L&#8217;ENTREVISTA, CLIQUEU-HI:<\/strong><\/p>\n<p><a href=\"https:\/\/drive.google.com\/drive\/folders\/1JrqOoU1njE5G_sBj2I3aojEC_isDAnxY?usp=sharing\">https:\/\/drive.google.com\/drive\/folders\/1JrqOoU1njE5G_sBj2I3aojEC_isDAnxY?usp=sharing<\/a><\/p>\n<div class=\"separator\" data-original-attrs=\"{&quot;style&quot;:&quot;&quot;}\"><a href=\"https:\/\/www.blogger.com\/blog\/post\/edit\/6042012844058086412\/3121091497768166814#\" data-original-attrs=\"{&quot;data-original-href&quot;:&quot;https:\/\/blogger.googleusercontent.com\/img\/a\/AVvXsEhTaSjfgQ960I-DjuRz53Uj-SL7wE56sLeV4ei9pzYcYftWqvVOWjF_DsXxzDqoTkqpeUYsDvNdITo3SrtdCArJ1howjWEK9Tj9qO8wh4Rd3Hdja6GjmiJwtnWE53jruwgEcNMUxjrJVArJ6MeByZm3If-4S4euado-dB3qz3nCU0ZtyhgxZJJHYjqfMjE&quot;,&quot;style&quot;:&quot;&quot;}\"><img loading=\"lazy\" decoding=\"async\" src=\"https:\/\/blogger.googleusercontent.com\/img\/a\/AVvXsEhTaSjfgQ960I-DjuRz53Uj-SL7wE56sLeV4ei9pzYcYftWqvVOWjF_DsXxzDqoTkqpeUYsDvNdITo3SrtdCArJ1howjWEK9Tj9qO8wh4Rd3Hdja6GjmiJwtnWE53jruwgEcNMUxjrJVArJ6MeByZm3If-4S4euado-dB3qz3nCU0ZtyhgxZJJHYjqfMjE\" alt=\"\" width=\"189\" height=\"240\" data-original-height=\"253\" data-original-width=\"199\" \/><\/a><\/div>\n<div data-original-attrs=\"{&quot;style&quot;:&quot;&quot;}\"><\/div>\n<div data-original-attrs=\"{&quot;style&quot;:&quot;&quot;}\"><\/div>\n<div class=\"separator\" data-original-attrs=\"{&quot;style&quot;:&quot;&quot;}\"><a href=\"https:\/\/www.blogger.com\/blog\/post\/edit\/6042012844058086412\/3121091497768166814#\" data-original-attrs=\"{&quot;data-original-href&quot;:&quot;https:\/\/blogger.googleusercontent.com\/img\/a\/AVvXsEgARaZ71zRuMyG1SupksVohVFnXPR61U9DZxnIjw9XStzkJIWCm3y6D0A4UWVT8etgbDUCiOxKmwm9qKfqCi__PlaL8mnN--FJc0okNDKLKm3IVFrLqn6MOS4Li7TLsDhoCB3lrgbL6HTd64nSOVvMUh9Nd4HsSbHhGDQn5qXxzd3cBCyn1MAJ5vyiN1Cg&quot;,&quot;style&quot;:&quot;&quot;}\"><img loading=\"lazy\" decoding=\"async\" src=\"https:\/\/blogger.googleusercontent.com\/img\/a\/AVvXsEgARaZ71zRuMyG1SupksVohVFnXPR61U9DZxnIjw9XStzkJIWCm3y6D0A4UWVT8etgbDUCiOxKmwm9qKfqCi__PlaL8mnN--FJc0okNDKLKm3IVFrLqn6MOS4Li7TLsDhoCB3lrgbL6HTd64nSOVvMUh9Nd4HsSbHhGDQn5qXxzd3cBCyn1MAJ5vyiN1Cg\" alt=\"\" width=\"320\" height=\"210\" data-original-height=\"182\" data-original-width=\"277\" \/><\/a><\/div>\n<div class=\"separator\" data-original-attrs=\"{&quot;style&quot;:&quot;&quot;}\"><\/div>\n<div class=\"separator\" data-original-attrs=\"{&quot;style&quot;:&quot;&quot;}\">Ens ha portat tamb\u00e9 material de perruqueria i llibres molt interessants sobre Rafel Pag\u00e8s.<\/div>\n<div class=\"separator\" data-original-attrs=\"{&quot;style&quot;:&quot;&quot;}\">Gr\u00e0cies Maribel.<\/div>\n","protected":false},"excerpt":{"rendered":"<p>Futurs empres\u00e0ries i empresaris, Avui 14 de gener ens ha visitat a l&#8217;escola la Maribel Escala, propiet\u00e0ria del sal\u00f3 de perruqueria Rafel Pag\u00e8s de Cases d&#8217;Alcanar. Li hem pogut fer un munt de preguntes i ha estat molt interessant coneixer com va comen\u00e7ar a treballar de perruquera i tot el proc\u00e9s delaboraci\u00f3 i anys d&#8217;experiencia [&hellip;]<\/p>\n","protected":false},"author":9,"featured_media":3602,"comment_status":"open","ping_status":"open","sticky":false,"template":"","format":"standard","meta":{"_bbp_topic_count":0,"_bbp_reply_count":0,"_bbp_total_topic_count":0,"_bbp_total_reply_count":0,"_bbp_voice_count":0,"_bbp_anonymous_reply_count":0,"_bbp_topic_count_hidden":0,"_bbp_reply_count_hidden":0,"_bbp_forum_subforum_count":0,"site-sidebar-layout":"default","site-content-layout":"","ast-site-content-layout":"default","site-content-style":"default","site-sidebar-style":"default","ast-global-header-display":"","ast-banner-title-visibility":"","ast-main-header-display":"","ast-hfb-above-header-display":"","ast-hfb-below-header-display":"","ast-hfb-mobile-header-display":"","site-post-title":"","ast-breadcrumbs-content":"","ast-featured-img":"","footer-sml-layout":"","theme-transparent-header-meta":"default","adv-header-id-meta":"","stick-header-meta":"","header-above-stick-meta":"","header-main-stick-meta":"","header-below-stick-meta":"","astra-migrate-meta-layouts":"set","ast-page-background-enabled":"default","ast-page-background-meta":{"desktop":{"background-color":"var(--ast-global-color-4)","background-image":"","background-repeat":"repeat","background-position":"center center","background-size":"auto","background-attachment":"scroll","background-type":"","background-media":"","overlay-type":"","overlay-color":"","overlay-opacity":"","overlay-gradient":""},"tablet":{"background-color":"","background-image":"","background-repeat":"repeat","background-position":"center center","background-size":"auto","background-attachment":"scroll","background-type":"","background-media":"","overlay-type":"","overlay-color":"","overlay-opacity":"","overlay-gradient":""},"mobile":{"background-color":"","background-image":"","background-repeat":"repeat","background-position":"center center","background-size":"auto","background-attachment":"scroll","background-type":"","background-media":"","overlay-type":"","overlay-color":"","overlay-opacity":"","overlay-gradient":""}},"ast-content-background-meta":{"desktop":{"background-color":"var(--ast-global-color-5)","background-image":"","background-repeat":"repeat","background-position":"center center","background-size":"auto","background-attachment":"scroll","background-type":"","background-media":"","overlay-type":"","overlay-color":"","overlay-opacity":"","overlay-gradient":""},"tablet":{"background-color":"var(--ast-global-color-5)","background-image":"","background-repeat":"repeat","background-position":"center center","background-size":"auto","background-attachment":"scroll","background-type":"","background-media":"","overlay-type":"","overlay-color":"","overlay-opacity":"","overlay-gradient":""},"mobile":{"background-color":"var(--ast-global-color-5)","background-image":"","background-repeat":"repeat","background-position":"center center","background-size":"auto","background-attachment":"scroll","background-type":"","background-media":"","overlay-type":"","overlay-color":"","overlay-opacity":"","overlay-gradient":""}},"footnotes":""},"categories":[277,278,279,280,66,67,76,59,29,133],"tags":[155,154,137,132,297,135],"class_list":["post-5638","post","type-post","status-publish","format-standard","has-post-thumbnail","hentry","category-1r-marjal","category-2n-marjal","category-3r-marjal","category-4rt-marjal","category-5e-escola-marjal","category-6e-escola-marjal","category-afa-escola-marjal","category-escola-marjal","category-portada","category-projecte-fer-marjal","tag-5e-marjal","tag-6e-marjal","tag-ci-marjal","tag-cicle-mitja-marjal","tag-curs-25-26-marjal","tag-projecte-emprenedoria"],"post_mailing_queue_ids":[],"_links":{"self":[{"href":"https:\/\/agora.xtec.cat\/zer-mediterrania\/wp-json\/wp\/v2\/posts\/5638","targetHints":{"allow":["GET"]}}],"collection":[{"href":"https:\/\/agora.xtec.cat\/zer-mediterrania\/wp-json\/wp\/v2\/posts"}],"about":[{"href":"https:\/\/agora.xtec.cat\/zer-mediterrania\/wp-json\/wp\/v2\/types\/post"}],"author":[{"embeddable":true,"href":"https:\/\/agora.xtec.cat\/zer-mediterrania\/wp-json\/wp\/v2\/users\/9"}],"replies":[{"embeddable":true,"href":"https:\/\/agora.xtec.cat\/zer-mediterrania\/wp-json\/wp\/v2\/comments?post=5638"}],"version-history":[{"count":4,"href":"https:\/\/agora.xtec.cat\/zer-mediterrania\/wp-json\/wp\/v2\/posts\/5638\/revisions"}],"predecessor-version":[{"id":5642,"href":"https:\/\/agora.xtec.cat\/zer-mediterrania\/wp-json\/wp\/v2\/posts\/5638\/revisions\/5642"}],"wp:featuredmedia":[{"embeddable":true,"href":"https:\/\/agora.xtec.cat\/zer-mediterrania\/wp-json\/wp\/v2\/media\/3602"}],"wp:attachment":[{"href":"https:\/\/agora.xtec.cat\/zer-mediterrania\/wp-json\/wp\/v2\/media?parent=5638"}],"wp:term":[{"taxonomy":"category","embeddable":true,"href":"https:\/\/agora.xtec.cat\/zer-mediterrania\/wp-json\/wp\/v2\/categories?post=5638"},{"taxonomy":"post_tag","embeddable":true,"href":"https:\/\/agora.xtec.cat\/zer-mediterrania\/wp-json\/wp\/v2\/tags?post=5638"}],"curies":[{"name":"wp","href":"https:\/\/api.w.org\/{rel}","templated":true}]}}