{"id":5550,"date":"2026-01-26T12:19:01","date_gmt":"2026-01-26T11:19:01","guid":{"rendered":"https:\/\/agora.xtec.cat\/zer-mediterrania\/?p=5550"},"modified":"2026-01-26T12:19:01","modified_gmt":"2026-01-26T11:19:01","slug":"etwinning-educant-en-valors-per-fer-del-mon-un-lloc-millor","status":"publish","type":"post","link":"https:\/\/agora.xtec.cat\/zer-mediterrania\/general\/etwinning-educant-en-valors-per-fer-del-mon-un-lloc-millor\/","title":{"rendered":"eTwinning: educant en valors per fer del m\u00f3n un lloc millor."},"content":{"rendered":"<div class=\"markdown prose dark:prose-invert w-full wrap-break-word light markdown-new-styling\">\n<p data-start=\"295\" data-end=\"530\">L\u2019alumnat de <strong data-start=\"308\" data-end=\"342\">cicle mitj\u00e0 de l\u2019Escola Marjal<\/strong> participa aquest curs en un <strong data-start=\"371\" data-end=\"401\">projecte europeu eTwinning<\/strong>, una iniciativa que ens connecta amb escoles d\u2019altres pa\u00efsos per aprendre, compartir i cr\u00e9ixer junts m\u00e9s enll\u00e0 de les fronteres a trav\u00e9s de la llengua anglesa.<\/p>\n<p data-start=\"532\" data-end=\"784\">En aquest projecte col\u00b7laborem amb centres educatius de <strong data-start=\"588\" data-end=\"656\">Turquia, Gr\u00e8cia, It\u00e0lia, Jord\u00e0nia, Ge\u00f2rgia, Pol\u00f2nia i Eslov\u00e0quia<\/strong>, creant una xarxa internacional d\u2019infants que treballen amb un objectiu com\u00fa: <strong data-start=\"735\" data-end=\"783\">construir un m\u00f3n millor a trav\u00e9s dels valors<\/strong>.<\/p>\n<p data-start=\"786\" data-end=\"1090\">El projecte introdueix l\u2019alumnat en valors fonamentals com <strong data-start=\"845\" data-end=\"922\">l\u2019amabilitat, el respecte, l\u2019honestedat, la responsabilitat i la just\u00edcia<\/strong>, alhora que fomenta les <strong data-start=\"947\" data-end=\"974\">amistats internacionals<\/strong>, la cooperaci\u00f3 i l\u2019\u00fas responsable de les eines digitals, desenvolupant aix\u00ed compet\u00e8ncies de <strong data-start=\"1067\" data-end=\"1089\">ciutadania digital<\/strong>.<\/p>\n<p data-start=\"1092\" data-end=\"1535\">Al llarg del <strong data-start=\"1105\" data-end=\"1125\">primer trimestre<\/strong>, els alumnes de l\u2019Escola Marjal han aprofundit especialment en els valors del <strong data-start=\"1204\" data-end=\"1251\">respecte, l\u2019amabilitat i la responsabilitat<\/strong>. A trav\u00e9s d\u2019activitats creatives, din\u00e0miques cooperatives i propostes compartides amb l\u2019alumnat dels altres pa\u00efsos participants, han pogut reflexionar sobre com aquests valors formen part del seu dia a dia i com ens uneixen com a persones, independentment de la llengua o la cultura.<\/p>\n<p data-start=\"1537\" data-end=\"1948\">Aquest projecte pren encara m\u00e9s sentit en el context actual, marcat per conflictes i guerres arreu del m\u00f3n. Des de l\u2019escola, creiem fermament que <strong data-start=\"1683\" data-end=\"1787\">educar en valors des de la inf\u00e0ncia \u00e9s una eina clau per promoure la pau, l\u2019empatia i la conviv\u00e8ncia<\/strong>. A trav\u00e9s del di\u00e0leg, el respecte mutu i el treball compartit, els infants descobreixen que, malgrat les difer\u00e8ncies, tenim molt m\u00e9s en com\u00fa del que ens separa.<\/p>\n<p data-start=\"1950\" data-end=\"2186\">Amb eTwinning, l\u2019Escola Marjal obre les portes de l\u2019aula a Europa i al m\u00f3n, sembrant petites llavors de <strong data-start=\"2054\" data-end=\"2093\">comprensi\u00f3, solidaritat i esperan\u00e7a<\/strong>, amb la convicci\u00f3 que cada gest compta per fer del nostre planeta un lloc m\u00e9s just i en pau.<\/p>\n<\/div>\n<p data-start=\"1950\" data-end=\"2186\">Podeu veure les imatges de les activitats <a href=\"https:\/\/drive.google.com\/drive\/folders\/1D4_RD8q3uBZqgPZ6jwrQ7PeIwFFuIVnF?usp=drive_link\" target=\"_blank\" rel=\"noopener\">aqu\u00ed<\/a>.<\/p>\n<p data-start=\"1950\" data-end=\"2186\"><a href=\"https:\/\/agora.xtec.cat\/zer-mediterrania\/wp-content\/uploads\/usu2438\/2026\/01\/1769425405315-scaled.jpg\"><img loading=\"lazy\" decoding=\"async\" class=\"wp-image-5548 aligncenter\" src=\"https:\/\/agora.xtec.cat\/zer-mediterrania\/wp-content\/uploads\/usu2438\/2026\/01\/1769425405315-1024x768.jpg\" alt=\"\" width=\"486\" height=\"365\" srcset=\"https:\/\/agora.xtec.cat\/zer-mediterrania\/wp-content\/uploads\/usu2438\/2026\/01\/1769425405315-1024x768.jpg 1024w, https:\/\/agora.xtec.cat\/zer-mediterrania\/wp-content\/uploads\/usu2438\/2026\/01\/1769425405315-300x225.jpg 300w, https:\/\/agora.xtec.cat\/zer-mediterrania\/wp-content\/uploads\/usu2438\/2026\/01\/1769425405315-768x576.jpg 768w, https:\/\/agora.xtec.cat\/zer-mediterrania\/wp-content\/uploads\/usu2438\/2026\/01\/1769425405315-1536x1152.jpg 1536w, https:\/\/agora.xtec.cat\/zer-mediterrania\/wp-content\/uploads\/usu2438\/2026\/01\/1769425405315-2048x1536.jpg 2048w, https:\/\/agora.xtec.cat\/zer-mediterrania\/wp-content\/uploads\/usu2438\/2026\/01\/1769425405315-200x150.jpg 200w\" sizes=\"auto, (max-width: 486px) 100vw, 486px\" \/><\/a><\/p>\n","protected":false},"excerpt":{"rendered":"<p>L\u2019alumnat de cicle mitj\u00e0 de l\u2019Escola Marjal participa aquest curs en un projecte europeu eTwinning, una iniciativa que ens connecta amb escoles d\u2019altres pa\u00efsos per aprendre, compartir i cr\u00e9ixer junts m\u00e9s enll\u00e0 de les fronteres a trav\u00e9s de la llengua anglesa. En aquest projecte col\u00b7laborem amb centres educatius de Turquia, Gr\u00e8cia, It\u00e0lia, Jord\u00e0nia, Ge\u00f2rgia, Pol\u00f2nia [&hellip;]<\/p>\n","protected":false},"author":59,"featured_media":5548,"comment_status":"open","ping_status":"open","sticky":false,"template":"","format":"standard","meta":{"_bbp_topic_count":0,"_bbp_reply_count":0,"_bbp_total_topic_count":0,"_bbp_total_reply_count":0,"_bbp_voice_count":0,"_bbp_anonymous_reply_count":0,"_bbp_topic_count_hidden":0,"_bbp_reply_count_hidden":0,"_bbp_forum_subforum_count":0,"site-sidebar-layout":"default","site-content-layout":"","ast-site-content-layout":"","site-content-style":"default","site-sidebar-style":"default","ast-global-header-display":"","ast-banner-title-visibility":"","ast-main-header-display":"","ast-hfb-above-header-display":"","ast-hfb-below-header-display":"","ast-hfb-mobile-header-display":"","site-post-title":"","ast-breadcrumbs-content":"","ast-featured-img":"","footer-sml-layout":"","theme-transparent-header-meta":"","adv-header-id-meta":"","stick-header-meta":"","header-above-stick-meta":"","header-main-stick-meta":"","header-below-stick-meta":"","astra-migrate-meta-layouts":"default","ast-page-background-enabled":"default","ast-page-background-meta":{"desktop":{"background-color":"var(--ast-global-color-4)","background-image":"","background-repeat":"repeat","background-position":"center center","background-size":"auto","background-attachment":"scroll","background-type":"","background-media":"","overlay-type":"","overlay-color":"","overlay-opacity":"","overlay-gradient":""},"tablet":{"background-color":"","background-image":"","background-repeat":"repeat","background-position":"center center","background-size":"auto","background-attachment":"scroll","background-type":"","background-media":"","overlay-type":"","overlay-color":"","overlay-opacity":"","overlay-gradient":""},"mobile":{"background-color":"","background-image":"","background-repeat":"repeat","background-position":"center center","background-size":"auto","background-attachment":"scroll","background-type":"","background-media":"","overlay-type":"","overlay-color":"","overlay-opacity":"","overlay-gradient":""}},"ast-content-background-meta":{"desktop":{"background-color":"var(--ast-global-color-5)","background-image":"","background-repeat":"repeat","background-position":"center center","background-size":"auto","background-attachment":"scroll","background-type":"","background-media":"","overlay-type":"","overlay-color":"","overlay-opacity":"","overlay-gradient":""},"tablet":{"background-color":"var(--ast-global-color-5)","background-image":"","background-repeat":"repeat","background-position":"center center","background-size":"auto","background-attachment":"scroll","background-type":"","background-media":"","overlay-type":"","overlay-color":"","overlay-opacity":"","overlay-gradient":""},"mobile":{"background-color":"var(--ast-global-color-5)","background-image":"","background-repeat":"repeat","background-position":"center center","background-size":"auto","background-attachment":"scroll","background-type":"","background-media":"","overlay-type":"","overlay-color":"","overlay-opacity":"","overlay-gradient":""}},"footnotes":""},"categories":[279,280,59,269,1],"tags":[],"class_list":["post-5550","post","type-post","status-publish","format-standard","has-post-thumbnail","hentry","category-3r-marjal","category-4rt-marjal","category-escola-marjal","category-etwinning","category-general"],"post_mailing_queue_ids":[],"_links":{"self":[{"href":"https:\/\/agora.xtec.cat\/zer-mediterrania\/wp-json\/wp\/v2\/posts\/5550","targetHints":{"allow":["GET"]}}],"collection":[{"href":"https:\/\/agora.xtec.cat\/zer-mediterrania\/wp-json\/wp\/v2\/posts"}],"about":[{"href":"https:\/\/agora.xtec.cat\/zer-mediterrania\/wp-json\/wp\/v2\/types\/post"}],"author":[{"embeddable":true,"href":"https:\/\/agora.xtec.cat\/zer-mediterrania\/wp-json\/wp\/v2\/users\/59"}],"replies":[{"embeddable":true,"href":"https:\/\/agora.xtec.cat\/zer-mediterrania\/wp-json\/wp\/v2\/comments?post=5550"}],"version-history":[{"count":4,"href":"https:\/\/agora.xtec.cat\/zer-mediterrania\/wp-json\/wp\/v2\/posts\/5550\/revisions"}],"predecessor-version":[{"id":5554,"href":"https:\/\/agora.xtec.cat\/zer-mediterrania\/wp-json\/wp\/v2\/posts\/5550\/revisions\/5554"}],"wp:featuredmedia":[{"embeddable":true,"href":"https:\/\/agora.xtec.cat\/zer-mediterrania\/wp-json\/wp\/v2\/media\/5548"}],"wp:attachment":[{"href":"https:\/\/agora.xtec.cat\/zer-mediterrania\/wp-json\/wp\/v2\/media?parent=5550"}],"wp:term":[{"taxonomy":"category","embeddable":true,"href":"https:\/\/agora.xtec.cat\/zer-mediterrania\/wp-json\/wp\/v2\/categories?post=5550"},{"taxonomy":"post_tag","embeddable":true,"href":"https:\/\/agora.xtec.cat\/zer-mediterrania\/wp-json\/wp\/v2\/tags?post=5550"}],"curies":[{"name":"wp","href":"https:\/\/api.w.org\/{rel}","templated":true}]}}