{"id":5486,"date":"2025-11-28T17:14:21","date_gmt":"2025-11-28T16:14:21","guid":{"rendered":"https:\/\/agora.xtec.cat\/zer-mediterrania\/?p=5486"},"modified":"2025-12-16T10:25:45","modified_gmt":"2025-12-16T09:25:45","slug":"un-mati-per-descobrir-don-venim","status":"publish","type":"post","link":"https:\/\/agora.xtec.cat\/zer-mediterrania\/escola-marjal\/un-mati-per-descobrir-don-venim\/","title":{"rendered":"Un mat\u00ed per descobrir d&#8217;on venim"},"content":{"rendered":"<p data-start=\"216\" data-end=\"551\">A l\u2019aula d\u2019I5 vam gaudir d\u2019una activitat molt especial relacionada amb el treball de l\u2019arbre geneal\u00f2gic. Ens van venir a visitar la mare i el pare de l&#8217;\u00cdndia, que havien preparat una proposta preciosa i molt educativa. Aquesta activitat va n\u00e9ixer arran d\u2019un moment molt\u00a0 important per a la seva fam\u00edlia: l\u2019arribada recent de dos nadons bessons.<\/p>\n<p data-start=\"553\" data-end=\"860\">L&#8217;Alba va iniciar la sessi\u00f3 explicant-nos el conte <em data-start=\"612\" data-end=\"621\">Fam\u00edlia<\/em>, una hist\u00f2ria que ens convida a reflexionar sobre els vincles que ens uneixen amb les persones que estimem. Despr\u00e9s de la lectura, vam compartir impressions i vam parlar sobre les diferents maneres de ser fam\u00edlia.<\/p>\n<p data-start=\"862\" data-end=\"1106\">Tot seguit, cada infant va poder representar la seva pr\u00f2pia fam\u00edlia utilitzant ninotets de Playmobil, de manera lliure i creativa. Va ser molt interessant veure com cadasc\u00fa constru\u00efa el seu petit escenari familiar i explicava qui en forma part.<\/p>\n<p data-start=\"1108\" data-end=\"1428\">A continuaci\u00f3, Josep i l&#8217;Alba, van presentar una gran cartolina on cada infant podia escriure el nom dels seus familiars, construint aix\u00ed el seu propi arbre geneal\u00f2gic. Per fer-lo encara m\u00e9s especial, van pintar l\u2019espai dedicat a cada persona amb un color diferent utilitzant aquarel\u00b7les, donant vida i color a cada fam\u00edlia.<\/p>\n<p data-start=\"1430\" data-end=\"1885\">Despr\u00e9s d\u2019un breu descans, els nens i nenes van dibuixar la seva fam\u00edlia en un full, tamb\u00e9 de manera lliure. I va ser llavors quan va arribar un moment m\u00e0gic: els xiquets i xiquetes van ser obsequiats amb un bol\u00edgraf molt especial. A simple vista semblava que no escrivia, per\u00f2 s\u00ed\u2026 nom\u00e9s que la l\u00ednia quedava invisible! Cada infant va tra\u00e7ar un lligam entre ell i la seva fam\u00edlia, i quan hi passaven el \u201cboli m\u00e0gic\u201d, la l\u00ednia apareixia com per art d\u2019encanteri. Un moment m\u00e0gic que els va fascinar!<\/p>\n<p data-start=\"1887\" data-end=\"2163\">Els infants van marxar molt contents amb els seus arbres geneal\u00f2gics i el seu bol\u00edgraf m\u00e0gic, i volem agrair sincerament la implicaci\u00f3 i dedicaci\u00f3 de l&#8217;Alba i Josep, que van preparar una activitat plena de creativitat, significat i il\u00b7lusi\u00f3 per compartir-la amb la classe.<\/p>\n<p data-start=\"2165\" data-end=\"2220\">Gr\u00e0cies per fer-nos viure una experi\u00e8ncia tan especial!<\/p>\n<p data-start=\"2165\" data-end=\"2220\">\ud83d\udcf8 Feu clic a la seg\u00fcent imatge per veure totes les fotos de l&#8217;activitat.<\/p>\n<p data-start=\"2165\" data-end=\"2220\"><a href=\"https:\/\/drive.google.com\/drive\/folders\/1wD0RYG1Edtc27V49FJzF49qWh_A3EWwK?usp=drive_link\"><img loading=\"lazy\" decoding=\"async\" class=\"aligncenter wp-image-5491\" src=\"https:\/\/agora.xtec.cat\/zer-mediterrania\/wp-content\/uploads\/usu2438\/2025\/12\/20251120_094722-1024x768.jpg\" alt=\"\" width=\"436\" height=\"327\" srcset=\"https:\/\/agora.xtec.cat\/zer-mediterrania\/wp-content\/uploads\/usu2438\/2025\/12\/20251120_094722-1024x768.jpg 1024w, https:\/\/agora.xtec.cat\/zer-mediterrania\/wp-content\/uploads\/usu2438\/2025\/12\/20251120_094722-300x225.jpg 300w, https:\/\/agora.xtec.cat\/zer-mediterrania\/wp-content\/uploads\/usu2438\/2025\/12\/20251120_094722-768x576.jpg 768w, https:\/\/agora.xtec.cat\/zer-mediterrania\/wp-content\/uploads\/usu2438\/2025\/12\/20251120_094722-200x150.jpg 200w, https:\/\/agora.xtec.cat\/zer-mediterrania\/wp-content\/uploads\/usu2438\/2025\/12\/20251120_094722.jpg 1236w\" sizes=\"auto, (max-width: 436px) 100vw, 436px\" \/><\/a><\/p>\n","protected":false},"excerpt":{"rendered":"<p>A l\u2019aula d\u2019I5 vam gaudir d\u2019una activitat molt especial relacionada amb el treball de l\u2019arbre geneal\u00f2gic. Ens van venir a visitar la mare i el pare de l&#8217;\u00cdndia, que havien preparat una proposta preciosa i molt educativa. Aquesta activitat va n\u00e9ixer arran d\u2019un moment molt\u00a0 important per a la seva fam\u00edlia: l\u2019arribada recent de dos [&hellip;]<\/p>\n","protected":false},"author":19,"featured_media":5488,"comment_status":"closed","ping_status":"closed","sticky":false,"template":"","format":"standard","meta":{"_bbp_topic_count":0,"_bbp_reply_count":0,"_bbp_total_topic_count":0,"_bbp_total_reply_count":0,"_bbp_voice_count":0,"_bbp_anonymous_reply_count":0,"_bbp_topic_count_hidden":0,"_bbp_reply_count_hidden":0,"_bbp_forum_subforum_count":0,"site-sidebar-layout":"default","site-content-layout":"","ast-site-content-layout":"","site-content-style":"default","site-sidebar-style":"default","ast-global-header-display":"","ast-banner-title-visibility":"","ast-main-header-display":"","ast-hfb-above-header-display":"","ast-hfb-below-header-display":"","ast-hfb-mobile-header-display":"","site-post-title":"","ast-breadcrumbs-content":"","ast-featured-img":"","footer-sml-layout":"","theme-transparent-header-meta":"","adv-header-id-meta":"","stick-header-meta":"","header-above-stick-meta":"","header-main-stick-meta":"","header-below-stick-meta":"","astra-migrate-meta-layouts":"default","ast-page-background-enabled":"default","ast-page-background-meta":{"desktop":{"background-color":"var(--ast-global-color-4)","background-image":"","background-repeat":"repeat","background-position":"center center","background-size":"auto","background-attachment":"scroll","background-type":"","background-media":"","overlay-type":"","overlay-color":"","overlay-opacity":"","overlay-gradient":""},"tablet":{"background-color":"","background-image":"","background-repeat":"repeat","background-position":"center center","background-size":"auto","background-attachment":"scroll","background-type":"","background-media":"","overlay-type":"","overlay-color":"","overlay-opacity":"","overlay-gradient":""},"mobile":{"background-color":"","background-image":"","background-repeat":"repeat","background-position":"center center","background-size":"auto","background-attachment":"scroll","background-type":"","background-media":"","overlay-type":"","overlay-color":"","overlay-opacity":"","overlay-gradient":""}},"ast-content-background-meta":{"desktop":{"background-color":"var(--ast-global-color-5)","background-image":"","background-repeat":"repeat","background-position":"center center","background-size":"auto","background-attachment":"scroll","background-type":"","background-media":"","overlay-type":"","overlay-color":"","overlay-opacity":"","overlay-gradient":""},"tablet":{"background-color":"var(--ast-global-color-5)","background-image":"","background-repeat":"repeat","background-position":"center center","background-size":"auto","background-attachment":"scroll","background-type":"","background-media":"","overlay-type":"","overlay-color":"","overlay-opacity":"","overlay-gradient":""},"mobile":{"background-color":"var(--ast-global-color-5)","background-image":"","background-repeat":"repeat","background-position":"center center","background-size":"auto","background-attachment":"scroll","background-type":"","background-media":"","overlay-type":"","overlay-color":"","overlay-opacity":"","overlay-gradient":""}},"footnotes":""},"categories":[59,60],"tags":[297,128,252],"class_list":["post-5486","post","type-post","status-publish","format-standard","has-post-thumbnail","hentry","category-escola-marjal","category-i5-escola-marjal","tag-curs-25-26-marjal","tag-escolamarjal","tag-i5-marjal"],"post_mailing_queue_ids":[],"_links":{"self":[{"href":"https:\/\/agora.xtec.cat\/zer-mediterrania\/wp-json\/wp\/v2\/posts\/5486","targetHints":{"allow":["GET"]}}],"collection":[{"href":"https:\/\/agora.xtec.cat\/zer-mediterrania\/wp-json\/wp\/v2\/posts"}],"about":[{"href":"https:\/\/agora.xtec.cat\/zer-mediterrania\/wp-json\/wp\/v2\/types\/post"}],"author":[{"embeddable":true,"href":"https:\/\/agora.xtec.cat\/zer-mediterrania\/wp-json\/wp\/v2\/users\/19"}],"replies":[{"embeddable":true,"href":"https:\/\/agora.xtec.cat\/zer-mediterrania\/wp-json\/wp\/v2\/comments?post=5486"}],"version-history":[{"count":6,"href":"https:\/\/agora.xtec.cat\/zer-mediterrania\/wp-json\/wp\/v2\/posts\/5486\/revisions"}],"predecessor-version":[{"id":5495,"href":"https:\/\/agora.xtec.cat\/zer-mediterrania\/wp-json\/wp\/v2\/posts\/5486\/revisions\/5495"}],"wp:featuredmedia":[{"embeddable":true,"href":"https:\/\/agora.xtec.cat\/zer-mediterrania\/wp-json\/wp\/v2\/media\/5488"}],"wp:attachment":[{"href":"https:\/\/agora.xtec.cat\/zer-mediterrania\/wp-json\/wp\/v2\/media?parent=5486"}],"wp:term":[{"taxonomy":"category","embeddable":true,"href":"https:\/\/agora.xtec.cat\/zer-mediterrania\/wp-json\/wp\/v2\/categories?post=5486"},{"taxonomy":"post_tag","embeddable":true,"href":"https:\/\/agora.xtec.cat\/zer-mediterrania\/wp-json\/wp\/v2\/tags?post=5486"}],"curies":[{"name":"wp","href":"https:\/\/api.w.org\/{rel}","templated":true}]}}