{"id":5002,"date":"2025-05-08T12:55:30","date_gmt":"2025-05-08T10:55:30","guid":{"rendered":"https:\/\/agora.xtec.cat\/zer-mediterrania\/?p=5002"},"modified":"2025-05-10T13:37:22","modified_gmt":"2025-05-10T11:37:22","slug":"38-mostra-de-teatre-escolar-del-montsia","status":"publish","type":"post","link":"https:\/\/agora.xtec.cat\/zer-mediterrania\/general\/38-mostra-de-teatre-escolar-del-montsia\/","title":{"rendered":"38 Mostra de teatre escolar del Montsi\u00e0"},"content":{"rendered":"<p>Marjalets\/es,<\/p>\n<p><a href=\"https:\/\/agora.xtec.cat\/zer-mediterrania\/wp-content\/uploads\/usu2438\/2025\/05\/IMG-20250506-WA0024.jpg\"><img loading=\"lazy\" decoding=\"async\" class=\"alignleft size-thumbnail wp-image-5004\" src=\"https:\/\/agora.xtec.cat\/zer-mediterrania\/wp-content\/uploads\/usu2438\/2025\/05\/IMG-20250506-WA0024-150x150.jpg\" alt=\"\" width=\"150\" height=\"150\" \/><\/a><\/p>\n<p>Estem content\u00edssims perqu\u00e8 un any m\u00e9s l&#8217;escola Marjal ha participat en la 38 mostra de teatre escolar del Montsi\u00e0 que es va dur a terme a Amposta el passat dimarts 6 de maig. Aquest curs ha participat l&#8217;alumnat de CS de l&#8217;escola amb l&#8217;obra <strong>&#8216;Festes del poble&#8217;<\/strong> una obra in\u00e8dita, inventada per l&#8217;alumnat i que pretenia ser una reflexi\u00f3 sobre l&#8217;amistat, l&#8217;ajuda entre ve\u00efns i la vida festiva als pobles.<\/p>\n<p>Vam comptar tamb\u00e9 amb les obres teatrals de l&#8217;alumnat d&#8217;aula d&#8217;acollida de l&#8217;escola Joan Bta. Serra d&#8217;Alcanar i amb l&#8217;obra de l&#8217;alumnat d&#8217;EI i EP de l&#8217;escola Setze de Febrer de Muntells. En total tres representacions on l&#8217;alumnat va deleitar-nos amb el seu talent esc\u00e8nic i on, tamb\u00e9, vam poder apreciar la gran tasca que duen a terme els mestres que ho organitzen.<\/p>\n<p><strong>Felicitats per la feina ben feta!!<\/strong><\/p>\n<p>Aqu\u00ed us deixem el link amb totes les fotos:<\/p>\n<p><a href=\"https:\/\/photos.app.goo.gl\/kbGakpUaYKQBNZk27\">https:\/\/photos.app.goo.gl\/kbGakpUaYKQBNZk27<\/a><\/p>\n<p>Aqu\u00ed us deixem el link del v\u00eddeo de l&#8217;obra per a que passeu una bona estona.<\/p>\n<p><a href=\"https:\/\/drive.google.com\/file\/d\/19vuSfPZ2F_lJizQsHLkHZw8Hg_ol7Hms\/view?usp=drive_link\">https:\/\/drive.google.com\/file\/d\/19vuSfPZ2F_lJizQsHLkHZw8Hg_ol7Hms\/view?usp=drive_link<\/a><\/p>\n","protected":false},"excerpt":{"rendered":"<p>Marjalets\/es, Estem content\u00edssims perqu\u00e8 un any m\u00e9s l&#8217;escola Marjal ha participat en la 38 mostra de teatre escolar del Montsi\u00e0 que es va dur a terme a Amposta el passat dimarts 6 de maig. Aquest curs ha participat l&#8217;alumnat de CS de l&#8217;escola amb l&#8217;obra &#8216;Festes del poble&#8217; una obra in\u00e8dita, inventada per l&#8217;alumnat i [&hellip;]<\/p>\n","protected":false},"author":9,"featured_media":5003,"comment_status":"open","ping_status":"closed","sticky":false,"template":"","format":"standard","meta":{"_bbp_topic_count":0,"_bbp_reply_count":0,"_bbp_total_topic_count":0,"_bbp_total_reply_count":0,"_bbp_voice_count":0,"_bbp_anonymous_reply_count":0,"_bbp_topic_count_hidden":0,"_bbp_reply_count_hidden":0,"_bbp_forum_subforum_count":0,"site-sidebar-layout":"default","site-content-layout":"","ast-site-content-layout":"","site-content-style":"default","site-sidebar-style":"default","ast-global-header-display":"","ast-banner-title-visibility":"","ast-main-header-display":"","ast-hfb-above-header-display":"","ast-hfb-below-header-display":"","ast-hfb-mobile-header-display":"","site-post-title":"","ast-breadcrumbs-content":"","ast-featured-img":"","footer-sml-layout":"","theme-transparent-header-meta":"","adv-header-id-meta":"","stick-header-meta":"","header-above-stick-meta":"","header-main-stick-meta":"","header-below-stick-meta":"","astra-migrate-meta-layouts":"default","ast-page-background-enabled":"default","ast-page-background-meta":{"desktop":{"background-color":"var(--ast-global-color-4)","background-image":"","background-repeat":"repeat","background-position":"center center","background-size":"auto","background-attachment":"scroll","background-type":"","background-media":"","overlay-type":"","overlay-color":"","overlay-opacity":"","overlay-gradient":""},"tablet":{"background-color":"","background-image":"","background-repeat":"repeat","background-position":"center center","background-size":"auto","background-attachment":"scroll","background-type":"","background-media":"","overlay-type":"","overlay-color":"","overlay-opacity":"","overlay-gradient":""},"mobile":{"background-color":"","background-image":"","background-repeat":"repeat","background-position":"center center","background-size":"auto","background-attachment":"scroll","background-type":"","background-media":"","overlay-type":"","overlay-color":"","overlay-opacity":"","overlay-gradient":""}},"ast-content-background-meta":{"desktop":{"background-color":"var(--ast-global-color-5)","background-image":"","background-repeat":"repeat","background-position":"center center","background-size":"auto","background-attachment":"scroll","background-type":"","background-media":"","overlay-type":"","overlay-color":"","overlay-opacity":"","overlay-gradient":""},"tablet":{"background-color":"var(--ast-global-color-5)","background-image":"","background-repeat":"repeat","background-position":"center center","background-size":"auto","background-attachment":"scroll","background-type":"","background-media":"","overlay-type":"","overlay-color":"","overlay-opacity":"","overlay-gradient":""},"mobile":{"background-color":"var(--ast-global-color-5)","background-image":"","background-repeat":"repeat","background-position":"center center","background-size":"auto","background-attachment":"scroll","background-type":"","background-media":"","overlay-type":"","overlay-color":"","overlay-opacity":"","overlay-gradient":""}},"footnotes":""},"categories":[66,67,59,1],"tags":[155,154,271,289,159],"class_list":["post-5002","post","type-post","status-publish","format-standard","has-post-thumbnail","hentry","category-5e-escola-marjal","category-6e-escola-marjal","category-escola-marjal","category-general","tag-5e-marjal","tag-6e-marjal","tag-curs-24-25-marjal","tag-mostra-de-teatre","tag-sortides-marjal"],"post_mailing_queue_ids":[],"_links":{"self":[{"href":"https:\/\/agora.xtec.cat\/zer-mediterrania\/wp-json\/wp\/v2\/posts\/5002","targetHints":{"allow":["GET"]}}],"collection":[{"href":"https:\/\/agora.xtec.cat\/zer-mediterrania\/wp-json\/wp\/v2\/posts"}],"about":[{"href":"https:\/\/agora.xtec.cat\/zer-mediterrania\/wp-json\/wp\/v2\/types\/post"}],"author":[{"embeddable":true,"href":"https:\/\/agora.xtec.cat\/zer-mediterrania\/wp-json\/wp\/v2\/users\/9"}],"replies":[{"embeddable":true,"href":"https:\/\/agora.xtec.cat\/zer-mediterrania\/wp-json\/wp\/v2\/comments?post=5002"}],"version-history":[{"count":2,"href":"https:\/\/agora.xtec.cat\/zer-mediterrania\/wp-json\/wp\/v2\/posts\/5002\/revisions"}],"predecessor-version":[{"id":5006,"href":"https:\/\/agora.xtec.cat\/zer-mediterrania\/wp-json\/wp\/v2\/posts\/5002\/revisions\/5006"}],"wp:featuredmedia":[{"embeddable":true,"href":"https:\/\/agora.xtec.cat\/zer-mediterrania\/wp-json\/wp\/v2\/media\/5003"}],"wp:attachment":[{"href":"https:\/\/agora.xtec.cat\/zer-mediterrania\/wp-json\/wp\/v2\/media?parent=5002"}],"wp:term":[{"taxonomy":"category","embeddable":true,"href":"https:\/\/agora.xtec.cat\/zer-mediterrania\/wp-json\/wp\/v2\/categories?post=5002"},{"taxonomy":"post_tag","embeddable":true,"href":"https:\/\/agora.xtec.cat\/zer-mediterrania\/wp-json\/wp\/v2\/tags?post=5002"}],"curies":[{"name":"wp","href":"https:\/\/api.w.org\/{rel}","templated":true}]}}