{"id":4921,"date":"2025-03-29T20:35:57","date_gmt":"2025-03-29T19:35:57","guid":{"rendered":"https:\/\/agora.xtec.cat\/zer-mediterrania\/?p=4921"},"modified":"2025-03-29T20:35:57","modified_gmt":"2025-03-29T19:35:57","slug":"activitat-familiar-preparant-nos-per-a-leclipsi-solar","status":"publish","type":"post","link":"https:\/\/agora.xtec.cat\/zer-mediterrania\/escola-marjal\/activitat-familiar-preparant-nos-per-a-leclipsi-solar\/","title":{"rendered":"Activitat familiar: preparant-nos per a l&#8217;eclipsi solar"},"content":{"rendered":"<p data-pm-slice=\"1 1 []\">El passat 28 de mar\u00e7, a l&#8217;escola vam tenir una activitat molt especial en fam\u00edlia, pr\u00e8via a l&#8217;eclipsi solar del dia 29, que coincidia en dissabte. Ens va visitar el pare del Lau, qui ens va oferir una explicaci\u00f3 fascinant sobre qu\u00e8 \u00e9s un eclipsi solar i per qu\u00e8 es produeix. A m\u00e9s, ens va remarcar la import\u00e0ncia de no mirar mai directament al sol per evitar danys a la vista.<\/p>\n<p>Despr\u00e9s de la seva explicaci\u00f3, ens vam posar mans a l&#8217;obra per construir un dispositiu que ens permet\u00e9s observar l&#8217;eclipsi de manera segura i indirecta. Amb la seva ajuda i guia, cada infant va crear el seu propi instrument d&#8217;observaci\u00f3, utilitzant materials senzills que havien portat de casa. A m\u00e9s de ser una activitat educativa, tamb\u00e9 va ser molt creativa, ja que cadasc\u00fa va poder personalitzar la seva capsa.<\/p>\n<p>En acabar l&#8217;activitat, vam sortir al pati per practicar com hav\u00edem de mirar l&#8217;eclipsi l&#8217;endem\u00e0 i comprovar que el nostre dispositiu funcionava correctament. Va ser una experi\u00e8ncia molt enriquidora on els infants no nom\u00e9s van aprendre sobre els eclipsis, sin\u00f3 que tamb\u00e9 van gaudir creant i experimentant d\u2019una manera divertida.<\/p>\n<p>Sens dubte, aquesta activitat quedar\u00e0 en el record dels nens com una experi\u00e8ncia emocionant i \u00fanica. Moltes gr\u00e0cies al Llu\u00eds per la seva participaci\u00f3 i per compartir els seus coneixements amb nosaltres!<\/p>\n<p>Podeu veure totes les fotos de l&#8217;activitat clicant a la imatge.<\/p>\n<p style=\"text-align: center\"><a href=\"https:\/\/photos.app.goo.gl\/jb2RZLracnNRRKjS7\"><img loading=\"lazy\" decoding=\"async\" class=\"alignnone wp-image-4928 \" src=\"https:\/\/agora.xtec.cat\/zer-mediterrania\/wp-content\/uploads\/usu2438\/2025\/03\/20250328_151039-1024x768.jpg\" alt=\"\" width=\"436\" height=\"327\" srcset=\"https:\/\/agora.xtec.cat\/zer-mediterrania\/wp-content\/uploads\/usu2438\/2025\/03\/20250328_151039-1024x768.jpg 1024w, https:\/\/agora.xtec.cat\/zer-mediterrania\/wp-content\/uploads\/usu2438\/2025\/03\/20250328_151039-300x225.jpg 300w, https:\/\/agora.xtec.cat\/zer-mediterrania\/wp-content\/uploads\/usu2438\/2025\/03\/20250328_151039-768x576.jpg 768w, https:\/\/agora.xtec.cat\/zer-mediterrania\/wp-content\/uploads\/usu2438\/2025\/03\/20250328_151039-200x150.jpg 200w, https:\/\/agora.xtec.cat\/zer-mediterrania\/wp-content\/uploads\/usu2438\/2025\/03\/20250328_151039.jpg 1271w\" sizes=\"auto, (max-width: 436px) 100vw, 436px\" \/><\/a><\/p>\n","protected":false},"excerpt":{"rendered":"<p>El passat 28 de mar\u00e7, a l&#8217;escola vam tenir una activitat molt especial en fam\u00edlia, pr\u00e8via a l&#8217;eclipsi solar del dia 29, que coincidia en dissabte. Ens va visitar el pare del Lau, qui ens va oferir una explicaci\u00f3 fascinant sobre qu\u00e8 \u00e9s un eclipsi solar i per qu\u00e8 es produeix. A m\u00e9s, ens va [&hellip;]<\/p>\n","protected":false},"author":19,"featured_media":4926,"comment_status":"closed","ping_status":"closed","sticky":false,"template":"","format":"standard","meta":{"_bbp_topic_count":0,"_bbp_reply_count":0,"_bbp_total_topic_count":0,"_bbp_total_reply_count":0,"_bbp_voice_count":0,"_bbp_anonymous_reply_count":0,"_bbp_topic_count_hidden":0,"_bbp_reply_count_hidden":0,"_bbp_forum_subforum_count":0,"site-sidebar-layout":"default","site-content-layout":"","ast-site-content-layout":"","site-content-style":"default","site-sidebar-style":"default","ast-global-header-display":"","ast-banner-title-visibility":"","ast-main-header-display":"","ast-hfb-above-header-display":"","ast-hfb-below-header-display":"","ast-hfb-mobile-header-display":"","site-post-title":"","ast-breadcrumbs-content":"","ast-featured-img":"","footer-sml-layout":"","theme-transparent-header-meta":"","adv-header-id-meta":"","stick-header-meta":"","header-above-stick-meta":"","header-main-stick-meta":"","header-below-stick-meta":"","astra-migrate-meta-layouts":"default","ast-page-background-enabled":"default","ast-page-background-meta":{"desktop":{"background-color":"var(--ast-global-color-4)","background-image":"","background-repeat":"repeat","background-position":"center center","background-size":"auto","background-attachment":"scroll","background-type":"","background-media":"","overlay-type":"","overlay-color":"","overlay-opacity":"","overlay-gradient":""},"tablet":{"background-color":"","background-image":"","background-repeat":"repeat","background-position":"center center","background-size":"auto","background-attachment":"scroll","background-type":"","background-media":"","overlay-type":"","overlay-color":"","overlay-opacity":"","overlay-gradient":""},"mobile":{"background-color":"","background-image":"","background-repeat":"repeat","background-position":"center center","background-size":"auto","background-attachment":"scroll","background-type":"","background-media":"","overlay-type":"","overlay-color":"","overlay-opacity":"","overlay-gradient":""}},"ast-content-background-meta":{"desktop":{"background-color":"var(--ast-global-color-5)","background-image":"","background-repeat":"repeat","background-position":"center center","background-size":"auto","background-attachment":"scroll","background-type":"","background-media":"","overlay-type":"","overlay-color":"","overlay-opacity":"","overlay-gradient":""},"tablet":{"background-color":"var(--ast-global-color-5)","background-image":"","background-repeat":"repeat","background-position":"center center","background-size":"auto","background-attachment":"scroll","background-type":"","background-media":"","overlay-type":"","overlay-color":"","overlay-opacity":"","overlay-gradient":""},"mobile":{"background-color":"var(--ast-global-color-5)","background-image":"","background-repeat":"repeat","background-position":"center center","background-size":"auto","background-attachment":"scroll","background-type":"","background-media":"","overlay-type":"","overlay-color":"","overlay-opacity":"","overlay-gradient":""}},"footnotes":""},"categories":[59,60],"tags":[271,128,252],"class_list":["post-4921","post","type-post","status-publish","format-standard","has-post-thumbnail","hentry","category-escola-marjal","category-i5-escola-marjal","tag-curs-24-25-marjal","tag-escolamarjal","tag-i5-marjal"],"post_mailing_queue_ids":[],"_links":{"self":[{"href":"https:\/\/agora.xtec.cat\/zer-mediterrania\/wp-json\/wp\/v2\/posts\/4921","targetHints":{"allow":["GET"]}}],"collection":[{"href":"https:\/\/agora.xtec.cat\/zer-mediterrania\/wp-json\/wp\/v2\/posts"}],"about":[{"href":"https:\/\/agora.xtec.cat\/zer-mediterrania\/wp-json\/wp\/v2\/types\/post"}],"author":[{"embeddable":true,"href":"https:\/\/agora.xtec.cat\/zer-mediterrania\/wp-json\/wp\/v2\/users\/19"}],"replies":[{"embeddable":true,"href":"https:\/\/agora.xtec.cat\/zer-mediterrania\/wp-json\/wp\/v2\/comments?post=4921"}],"version-history":[{"count":3,"href":"https:\/\/agora.xtec.cat\/zer-mediterrania\/wp-json\/wp\/v2\/posts\/4921\/revisions"}],"predecessor-version":[{"id":4929,"href":"https:\/\/agora.xtec.cat\/zer-mediterrania\/wp-json\/wp\/v2\/posts\/4921\/revisions\/4929"}],"wp:featuredmedia":[{"embeddable":true,"href":"https:\/\/agora.xtec.cat\/zer-mediterrania\/wp-json\/wp\/v2\/media\/4926"}],"wp:attachment":[{"href":"https:\/\/agora.xtec.cat\/zer-mediterrania\/wp-json\/wp\/v2\/media?parent=4921"}],"wp:term":[{"taxonomy":"category","embeddable":true,"href":"https:\/\/agora.xtec.cat\/zer-mediterrania\/wp-json\/wp\/v2\/categories?post=4921"},{"taxonomy":"post_tag","embeddable":true,"href":"https:\/\/agora.xtec.cat\/zer-mediterrania\/wp-json\/wp\/v2\/tags?post=4921"}],"curies":[{"name":"wp","href":"https:\/\/api.w.org\/{rel}","templated":true}]}}