{"id":4897,"date":"2025-03-14T13:16:16","date_gmt":"2025-03-14T12:16:16","guid":{"rendered":"https:\/\/agora.xtec.cat\/zer-mediterrania\/?p=4897"},"modified":"2025-03-14T13:17:17","modified_gmt":"2025-03-14T12:17:17","slug":"iniciem-lesport-blau-escolar-2025","status":"publish","type":"post","link":"https:\/\/agora.xtec.cat\/zer-mediterrania\/portada\/iniciem-lesport-blau-escolar-2025\/","title":{"rendered":"Iniciem l&#8217;Esport Blau Escolar 2025"},"content":{"rendered":"<p data-pm-slice=\"1 1 []\"><strong>Els alumnes de 5\u00e8 comencem l&#8217;Esport Blau Escolar!<\/strong><\/p>\n<p>Aquest divendres, els alumnes de 5\u00e8 hem iniciat el programa Esport Blau Escolar, un projecte emocionant que ens acostar\u00e0 al m\u00f3n de la vela i els esports n\u00e0utics. Hem comen\u00e7at amb una sessi\u00f3 te\u00f2rica a l&#8217;escola, on hem apr\u00e8s conceptes b\u00e0sics sobre la navegaci\u00f3 i la seguretat al mar.<\/p>\n<p>Les pr\u00f2ximes sessions tindran lloc al port de les Cases, on tindrem l&#8217;oportunitat de comen\u00e7ar a navegar. Tenim moltes ganes de viure aquesta experi\u00e8ncia i gaudir del mar mentre aprenem!<\/p>\n<p>Us mantindrem informats sobre la nostra aventura a l&#8217;aigua.<\/p>\n<p><img loading=\"lazy\" decoding=\"async\" class=\"alignnone wp-image-4898\" src=\"https:\/\/agora.xtec.cat\/zer-mediterrania\/wp-content\/uploads\/usu2438\/2025\/03\/4457c571-b521-4609-a538-cf38277e562c-1024x768.jpg\" alt=\"\" width=\"464\" height=\"348\" srcset=\"https:\/\/agora.xtec.cat\/zer-mediterrania\/wp-content\/uploads\/usu2438\/2025\/03\/4457c571-b521-4609-a538-cf38277e562c-1024x768.jpg 1024w, https:\/\/agora.xtec.cat\/zer-mediterrania\/wp-content\/uploads\/usu2438\/2025\/03\/4457c571-b521-4609-a538-cf38277e562c-300x225.jpg 300w, https:\/\/agora.xtec.cat\/zer-mediterrania\/wp-content\/uploads\/usu2438\/2025\/03\/4457c571-b521-4609-a538-cf38277e562c-768x576.jpg 768w, https:\/\/agora.xtec.cat\/zer-mediterrania\/wp-content\/uploads\/usu2438\/2025\/03\/4457c571-b521-4609-a538-cf38277e562c-1536x1152.jpg 1536w, https:\/\/agora.xtec.cat\/zer-mediterrania\/wp-content\/uploads\/usu2438\/2025\/03\/4457c571-b521-4609-a538-cf38277e562c-200x150.jpg 200w, https:\/\/agora.xtec.cat\/zer-mediterrania\/wp-content\/uploads\/usu2438\/2025\/03\/4457c571-b521-4609-a538-cf38277e562c.jpg 1600w\" sizes=\"auto, (max-width: 464px) 100vw, 464px\" \/><\/p>\n<p>&nbsp;<\/p>\n","protected":false},"excerpt":{"rendered":"<p>Els alumnes de 5\u00e8 comencem l&#8217;Esport Blau Escolar! Aquest divendres, els alumnes de 5\u00e8 hem iniciat el programa Esport Blau Escolar, un projecte emocionant que ens acostar\u00e0 al m\u00f3n de la vela i els esports n\u00e0utics. Hem comen\u00e7at amb una sessi\u00f3 te\u00f2rica a l&#8217;escola, on hem apr\u00e8s conceptes b\u00e0sics sobre la navegaci\u00f3 i la seguretat [&hellip;]<\/p>\n","protected":false},"author":13,"featured_media":4899,"comment_status":"open","ping_status":"closed","sticky":false,"template":"","format":"standard","meta":{"_bbp_topic_count":0,"_bbp_reply_count":0,"_bbp_total_topic_count":0,"_bbp_total_reply_count":0,"_bbp_voice_count":0,"_bbp_anonymous_reply_count":0,"_bbp_topic_count_hidden":0,"_bbp_reply_count_hidden":0,"_bbp_forum_subforum_count":0,"site-sidebar-layout":"default","site-content-layout":"","ast-site-content-layout":"","site-content-style":"default","site-sidebar-style":"default","ast-global-header-display":"","ast-banner-title-visibility":"","ast-main-header-display":"","ast-hfb-above-header-display":"","ast-hfb-below-header-display":"","ast-hfb-mobile-header-display":"","site-post-title":"","ast-breadcrumbs-content":"","ast-featured-img":"","footer-sml-layout":"","theme-transparent-header-meta":"","adv-header-id-meta":"","stick-header-meta":"","header-above-stick-meta":"","header-main-stick-meta":"","header-below-stick-meta":"","astra-migrate-meta-layouts":"default","ast-page-background-enabled":"default","ast-page-background-meta":{"desktop":{"background-color":"var(--ast-global-color-4)","background-image":"","background-repeat":"repeat","background-position":"center center","background-size":"auto","background-attachment":"scroll","background-type":"","background-media":"","overlay-type":"","overlay-color":"","overlay-opacity":"","overlay-gradient":""},"tablet":{"background-color":"","background-image":"","background-repeat":"repeat","background-position":"center center","background-size":"auto","background-attachment":"scroll","background-type":"","background-media":"","overlay-type":"","overlay-color":"","overlay-opacity":"","overlay-gradient":""},"mobile":{"background-color":"","background-image":"","background-repeat":"repeat","background-position":"center center","background-size":"auto","background-attachment":"scroll","background-type":"","background-media":"","overlay-type":"","overlay-color":"","overlay-opacity":"","overlay-gradient":""}},"ast-content-background-meta":{"desktop":{"background-color":"var(--ast-global-color-5)","background-image":"","background-repeat":"repeat","background-position":"center center","background-size":"auto","background-attachment":"scroll","background-type":"","background-media":"","overlay-type":"","overlay-color":"","overlay-opacity":"","overlay-gradient":""},"tablet":{"background-color":"var(--ast-global-color-5)","background-image":"","background-repeat":"repeat","background-position":"center center","background-size":"auto","background-attachment":"scroll","background-type":"","background-media":"","overlay-type":"","overlay-color":"","overlay-opacity":"","overlay-gradient":""},"mobile":{"background-color":"var(--ast-global-color-5)","background-image":"","background-repeat":"repeat","background-position":"center center","background-size":"auto","background-attachment":"scroll","background-type":"","background-media":"","overlay-type":"","overlay-color":"","overlay-opacity":"","overlay-gradient":""}},"footnotes":""},"categories":[59,29],"tags":[286],"class_list":["post-4897","post","type-post","status-publish","format-standard","has-post-thumbnail","hentry","category-escola-marjal","category-portada","tag-esportblau2425"],"post_mailing_queue_ids":[],"_links":{"self":[{"href":"https:\/\/agora.xtec.cat\/zer-mediterrania\/wp-json\/wp\/v2\/posts\/4897","targetHints":{"allow":["GET"]}}],"collection":[{"href":"https:\/\/agora.xtec.cat\/zer-mediterrania\/wp-json\/wp\/v2\/posts"}],"about":[{"href":"https:\/\/agora.xtec.cat\/zer-mediterrania\/wp-json\/wp\/v2\/types\/post"}],"author":[{"embeddable":true,"href":"https:\/\/agora.xtec.cat\/zer-mediterrania\/wp-json\/wp\/v2\/users\/13"}],"replies":[{"embeddable":true,"href":"https:\/\/agora.xtec.cat\/zer-mediterrania\/wp-json\/wp\/v2\/comments?post=4897"}],"version-history":[{"count":1,"href":"https:\/\/agora.xtec.cat\/zer-mediterrania\/wp-json\/wp\/v2\/posts\/4897\/revisions"}],"predecessor-version":[{"id":4900,"href":"https:\/\/agora.xtec.cat\/zer-mediterrania\/wp-json\/wp\/v2\/posts\/4897\/revisions\/4900"}],"wp:featuredmedia":[{"embeddable":true,"href":"https:\/\/agora.xtec.cat\/zer-mediterrania\/wp-json\/wp\/v2\/media\/4899"}],"wp:attachment":[{"href":"https:\/\/agora.xtec.cat\/zer-mediterrania\/wp-json\/wp\/v2\/media?parent=4897"}],"wp:term":[{"taxonomy":"category","embeddable":true,"href":"https:\/\/agora.xtec.cat\/zer-mediterrania\/wp-json\/wp\/v2\/categories?post=4897"},{"taxonomy":"post_tag","embeddable":true,"href":"https:\/\/agora.xtec.cat\/zer-mediterrania\/wp-json\/wp\/v2\/tags?post=4897"}],"curies":[{"name":"wp","href":"https:\/\/api.w.org\/{rel}","templated":true}]}}