{"id":4851,"date":"2025-03-04T10:34:46","date_gmt":"2025-03-04T09:34:46","guid":{"rendered":"https:\/\/agora.xtec.cat\/zer-mediterrania\/?p=4851"},"modified":"2025-03-04T10:34:46","modified_gmt":"2025-03-04T09:34:46","slug":"xocolatada-i-rua-de-carnaval","status":"publish","type":"post","link":"https:\/\/agora.xtec.cat\/zer-mediterrania\/escola-marjal\/i3-escola-marjal\/xocolatada-i-rua-de-carnaval\/","title":{"rendered":"Xocolatada i rua de carnaval"},"content":{"rendered":"<p>El passat 28 de febrer va ser un dia molt complet i divertit:<\/p>\n<p>Al mat\u00ed, seguint les consignes del Rei Carnestoltes, ens vam disfressar de forma lliure. Despr\u00e9s, a\u00a0l&#8217;hora del pati, vam gaudir d&#8217;una xocolatada a c\u00e0rrec de l&#8217;AFA, que estava bon\u00edssima!<\/p>\n<p>A la tarda, vam continuar amb la presentaci\u00f3 de les disfresses elaborades a l&#8217;escola, relacionades amb els personatges de ficci\u00f3 de diferents continents, ja que estem treballant els pa\u00efsos i cultures del m\u00f3n. L&#8217;alumnat de sis\u00e8 va ser l&#8217;encarregat de presentar als grups:<\/p>\n<ul>\n<li>L&#8217;alumnat d&#8217;Infantil es va caracteritzar de <em>Harry Potter<\/em>, personatge de ficci\u00f3 del continent europeu.<\/li>\n<li>L&#8217;alumnat de Cicle Inicial es va vestir dels personatges de <em>Wakanda<\/em>, personatges de ficci\u00f3 del continent afric\u00e0.<\/li>\n<li>L&#8217;alumnat de Cicle Mitj\u00e0, de superherois de la <em>Marvel<\/em>, personatges de ficci\u00f3 d&#8217;Am\u00e8rica.<\/li>\n<li>L&#8217;alumnat de Cicle Superior, del personatge principal de <em>Bola de Drac<\/em>, personatge de ficci\u00f3 asi\u00e0tic.<\/li>\n<\/ul>\n<p>Va ser un dia molt especial, ple de dansa i m\u00fasica, on vam fer la coreografia de carnaval que havien preparat tota l&#8217;escola i la\u00a0<em>batucada<\/em>, a c\u00e0rrec de l&#8217;alumnat de Cicle Superior.<\/p>\n<p>Podeu veure les fotos fent clic al seg\u00fcent enlla\u00e7:\u00a0<a href=\"https:\/\/photos.app.goo.gl\/w1bce6Fd1W3rpsZF7\">FOTOS.<\/a><\/p>\n","protected":false},"excerpt":{"rendered":"<p>El passat 28 de febrer va ser un dia molt complet i divertit: Al mat\u00ed, seguint les consignes del Rei Carnestoltes, ens vam disfressar de forma lliure. Despr\u00e9s, a\u00a0l&#8217;hora del pati, vam gaudir d&#8217;una xocolatada a c\u00e0rrec de l&#8217;AFA, que estava bon\u00edssima! A la tarda, vam continuar amb la presentaci\u00f3 de les disfresses elaborades a [&hellip;]<\/p>\n","protected":false},"author":42,"featured_media":0,"comment_status":"closed","ping_status":"closed","sticky":false,"template":"","format":"standard","meta":{"_bbp_topic_count":0,"_bbp_reply_count":0,"_bbp_total_topic_count":0,"_bbp_total_reply_count":0,"_bbp_voice_count":0,"_bbp_anonymous_reply_count":0,"_bbp_topic_count_hidden":0,"_bbp_reply_count_hidden":0,"_bbp_forum_subforum_count":0,"site-sidebar-layout":"default","site-content-layout":"","ast-site-content-layout":"","site-content-style":"default","site-sidebar-style":"default","ast-global-header-display":"","ast-banner-title-visibility":"","ast-main-header-display":"","ast-hfb-above-header-display":"","ast-hfb-below-header-display":"","ast-hfb-mobile-header-display":"","site-post-title":"","ast-breadcrumbs-content":"","ast-featured-img":"","footer-sml-layout":"","theme-transparent-header-meta":"","adv-header-id-meta":"","stick-header-meta":"","header-above-stick-meta":"","header-main-stick-meta":"","header-below-stick-meta":"","astra-migrate-meta-layouts":"default","ast-page-background-enabled":"default","ast-page-background-meta":{"desktop":{"background-color":"var(--ast-global-color-4)","background-image":"","background-repeat":"repeat","background-position":"center center","background-size":"auto","background-attachment":"scroll","background-type":"","background-media":"","overlay-type":"","overlay-color":"","overlay-opacity":"","overlay-gradient":""},"tablet":{"background-color":"","background-image":"","background-repeat":"repeat","background-position":"center center","background-size":"auto","background-attachment":"scroll","background-type":"","background-media":"","overlay-type":"","overlay-color":"","overlay-opacity":"","overlay-gradient":""},"mobile":{"background-color":"","background-image":"","background-repeat":"repeat","background-position":"center center","background-size":"auto","background-attachment":"scroll","background-type":"","background-media":"","overlay-type":"","overlay-color":"","overlay-opacity":"","overlay-gradient":""}},"ast-content-background-meta":{"desktop":{"background-color":"var(--ast-global-color-5)","background-image":"","background-repeat":"repeat","background-position":"center center","background-size":"auto","background-attachment":"scroll","background-type":"","background-media":"","overlay-type":"","overlay-color":"","overlay-opacity":"","overlay-gradient":""},"tablet":{"background-color":"var(--ast-global-color-5)","background-image":"","background-repeat":"repeat","background-position":"center center","background-size":"auto","background-attachment":"scroll","background-type":"","background-media":"","overlay-type":"","overlay-color":"","overlay-opacity":"","overlay-gradient":""},"mobile":{"background-color":"var(--ast-global-color-5)","background-image":"","background-repeat":"repeat","background-position":"center center","background-size":"auto","background-attachment":"scroll","background-type":"","background-media":"","overlay-type":"","overlay-color":"","overlay-opacity":"","overlay-gradient":""}},"footnotes":""},"categories":[277,278,279,280,66,67,76,59,58,274,60],"tags":[271],"class_list":["post-4851","post","type-post","status-publish","format-standard","hentry","category-1r-marjal","category-2n-marjal","category-3r-marjal","category-4rt-marjal","category-5e-escola-marjal","category-6e-escola-marjal","category-afa-escola-marjal","category-escola-marjal","category-i3-escola-marjal","category-i4","category-i5-escola-marjal","tag-curs-24-25-marjal"],"post_mailing_queue_ids":[],"_links":{"self":[{"href":"https:\/\/agora.xtec.cat\/zer-mediterrania\/wp-json\/wp\/v2\/posts\/4851","targetHints":{"allow":["GET"]}}],"collection":[{"href":"https:\/\/agora.xtec.cat\/zer-mediterrania\/wp-json\/wp\/v2\/posts"}],"about":[{"href":"https:\/\/agora.xtec.cat\/zer-mediterrania\/wp-json\/wp\/v2\/types\/post"}],"author":[{"embeddable":true,"href":"https:\/\/agora.xtec.cat\/zer-mediterrania\/wp-json\/wp\/v2\/users\/42"}],"replies":[{"embeddable":true,"href":"https:\/\/agora.xtec.cat\/zer-mediterrania\/wp-json\/wp\/v2\/comments?post=4851"}],"version-history":[{"count":3,"href":"https:\/\/agora.xtec.cat\/zer-mediterrania\/wp-json\/wp\/v2\/posts\/4851\/revisions"}],"predecessor-version":[{"id":4854,"href":"https:\/\/agora.xtec.cat\/zer-mediterrania\/wp-json\/wp\/v2\/posts\/4851\/revisions\/4854"}],"wp:attachment":[{"href":"https:\/\/agora.xtec.cat\/zer-mediterrania\/wp-json\/wp\/v2\/media?parent=4851"}],"wp:term":[{"taxonomy":"category","embeddable":true,"href":"https:\/\/agora.xtec.cat\/zer-mediterrania\/wp-json\/wp\/v2\/categories?post=4851"},{"taxonomy":"post_tag","embeddable":true,"href":"https:\/\/agora.xtec.cat\/zer-mediterrania\/wp-json\/wp\/v2\/tags?post=4851"}],"curies":[{"name":"wp","href":"https:\/\/api.w.org\/{rel}","templated":true}]}}