{"id":4782,"date":"2025-02-07T12:03:44","date_gmt":"2025-02-07T11:03:44","guid":{"rendered":"https:\/\/agora.xtec.cat\/zer-mediterrania\/?p=4782"},"modified":"2025-02-07T12:05:38","modified_gmt":"2025-02-07T11:05:38","slug":"cooperativa-mediterrania-el-nostre-producte","status":"publish","type":"post","link":"https:\/\/agora.xtec.cat\/zer-mediterrania\/portada\/cooperativa-mediterrania-el-nostre-producte\/","title":{"rendered":"COOPERATIVA MEDITERR\u00c0NIA: EL NOSTRE PRODUCTE."},"content":{"rendered":"<p data-pm-slice=\"1 1 []\">Els alumnes de la <strong>Cooperativa Mediterr\u00e0nia<\/strong> han participat en una activitat molt especial a l&#8217;Escola 16 de Febrer dels Muntells. Aquesta jornada ha tingut com a objectiu la creaci\u00f3 d&#8217;un producte artesanal dins del projecte de la cooperativa escolar: <strong>espelmes arom\u00e0tiques amb ess\u00e8ncia de xocolata i vainilla.\u00a0<\/strong><\/p>\n<p>Despr\u00e9s d&#8217;arribar a l&#8217;Escola en autob\u00fas, s&#8217;ha fet una primera assemblea per revisar els comptes i analitzar les despeses dels materials necessaris per a l&#8217;elaboraci\u00f3 de les espelmes. A continuaci\u00f3, els alumnes s&#8217;han posat mans a l&#8217;obra fonent cera de soja i afegint-hi les frag\u00e0ncies seleccionades.<\/p>\n<p>Amb molta cura, han repartit la cera calenta en pots de vidre i motlles de silicona, col\u00b7locant les metxes al centre per assegurar-se que quedessin ben posicionades. Finalment, han creat els logos que identificaran el producte, donant-li un toc \u00fanic i personalitzat.<\/p>\n<p>Aquesta experi\u00e8ncia ha perm\u00e8s als alumnes treballar en equip, aprendre sobre gesti\u00f3 de recursos i potenciar la seva creativitat. En acabar la jornada, han tornat a les seves escoles amb la satisfacci\u00f3 d&#8217;haver fet una gran tasca.<\/p>\n<p>Ben aviat tindreu m\u00e9s informaci\u00f3 de les nostres espelmes!!<\/p>\n<p>Us deixem algunes fotos:<\/p>\n<p><img loading=\"lazy\" decoding=\"async\" class=\"alignnone wp-image-4784\" src=\"https:\/\/agora.xtec.cat\/zer-mediterrania\/wp-content\/uploads\/usu2438\/2025\/02\/IMG_4122-COLLAGE-2.jpg\" alt=\"\" width=\"344\" height=\"344\" srcset=\"https:\/\/agora.xtec.cat\/zer-mediterrania\/wp-content\/uploads\/usu2438\/2025\/02\/IMG_4122-COLLAGE-2.jpg 890w, https:\/\/agora.xtec.cat\/zer-mediterrania\/wp-content\/uploads\/usu2438\/2025\/02\/IMG_4122-COLLAGE-2-300x300.jpg 300w, https:\/\/agora.xtec.cat\/zer-mediterrania\/wp-content\/uploads\/usu2438\/2025\/02\/IMG_4122-COLLAGE-2-150x150.jpg 150w, https:\/\/agora.xtec.cat\/zer-mediterrania\/wp-content\/uploads\/usu2438\/2025\/02\/IMG_4122-COLLAGE-2-768x768.jpg 768w\" sizes=\"auto, (max-width: 344px) 100vw, 344px\" \/><img loading=\"lazy\" decoding=\"async\" class=\"alignnone wp-image-4786\" src=\"https:\/\/agora.xtec.cat\/zer-mediterrania\/wp-content\/uploads\/usu2438\/2025\/02\/IMG_4134-COLLAGE-4.jpg\" alt=\"\" width=\"337\" height=\"337\" srcset=\"https:\/\/agora.xtec.cat\/zer-mediterrania\/wp-content\/uploads\/usu2438\/2025\/02\/IMG_4134-COLLAGE-4.jpg 890w, https:\/\/agora.xtec.cat\/zer-mediterrania\/wp-content\/uploads\/usu2438\/2025\/02\/IMG_4134-COLLAGE-4-300x300.jpg 300w, https:\/\/agora.xtec.cat\/zer-mediterrania\/wp-content\/uploads\/usu2438\/2025\/02\/IMG_4134-COLLAGE-4-150x150.jpg 150w, https:\/\/agora.xtec.cat\/zer-mediterrania\/wp-content\/uploads\/usu2438\/2025\/02\/IMG_4134-COLLAGE-4-768x768.jpg 768w\" sizes=\"auto, (max-width: 337px) 100vw, 337px\" \/><\/p>\n<p><img loading=\"lazy\" decoding=\"async\" class=\"alignnone wp-image-4785\" src=\"https:\/\/agora.xtec.cat\/zer-mediterrania\/wp-content\/uploads\/usu2438\/2025\/02\/IMG_4140-COLLAGE-3.jpg\" alt=\"\" width=\"680\" height=\"680\" srcset=\"https:\/\/agora.xtec.cat\/zer-mediterrania\/wp-content\/uploads\/usu2438\/2025\/02\/IMG_4140-COLLAGE-3.jpg 890w, https:\/\/agora.xtec.cat\/zer-mediterrania\/wp-content\/uploads\/usu2438\/2025\/02\/IMG_4140-COLLAGE-3-300x300.jpg 300w, https:\/\/agora.xtec.cat\/zer-mediterrania\/wp-content\/uploads\/usu2438\/2025\/02\/IMG_4140-COLLAGE-3-150x150.jpg 150w, https:\/\/agora.xtec.cat\/zer-mediterrania\/wp-content\/uploads\/usu2438\/2025\/02\/IMG_4140-COLLAGE-3-768x768.jpg 768w\" sizes=\"auto, (max-width: 680px) 100vw, 680px\" \/><\/p>\n","protected":false},"excerpt":{"rendered":"<p>Els alumnes de la Cooperativa Mediterr\u00e0nia han participat en una activitat molt especial a l&#8217;Escola 16 de Febrer dels Muntells. Aquesta jornada ha tingut com a objectiu la creaci\u00f3 d&#8217;un producte artesanal dins del projecte de la cooperativa escolar: espelmes arom\u00e0tiques amb ess\u00e8ncia de xocolata i vainilla.\u00a0 Despr\u00e9s d&#8217;arribar a l&#8217;Escola en autob\u00fas, s&#8217;ha fet [&hellip;]<\/p>\n","protected":false},"author":13,"featured_media":4788,"comment_status":"open","ping_status":"closed","sticky":false,"template":"","format":"standard","meta":{"_bbp_topic_count":0,"_bbp_reply_count":0,"_bbp_total_topic_count":0,"_bbp_total_reply_count":0,"_bbp_voice_count":0,"_bbp_anonymous_reply_count":0,"_bbp_topic_count_hidden":0,"_bbp_reply_count_hidden":0,"_bbp_forum_subforum_count":0,"site-sidebar-layout":"default","site-content-layout":"","ast-site-content-layout":"","site-content-style":"default","site-sidebar-style":"default","ast-global-header-display":"","ast-banner-title-visibility":"","ast-main-header-display":"","ast-hfb-above-header-display":"","ast-hfb-below-header-display":"","ast-hfb-mobile-header-display":"","site-post-title":"","ast-breadcrumbs-content":"","ast-featured-img":"","footer-sml-layout":"","theme-transparent-header-meta":"","adv-header-id-meta":"","stick-header-meta":"","header-above-stick-meta":"","header-main-stick-meta":"","header-below-stick-meta":"","astra-migrate-meta-layouts":"default","ast-page-background-enabled":"default","ast-page-background-meta":{"desktop":{"background-color":"var(--ast-global-color-4)","background-image":"","background-repeat":"repeat","background-position":"center center","background-size":"auto","background-attachment":"scroll","background-type":"","background-media":"","overlay-type":"","overlay-color":"","overlay-opacity":"","overlay-gradient":""},"tablet":{"background-color":"","background-image":"","background-repeat":"repeat","background-position":"center center","background-size":"auto","background-attachment":"scroll","background-type":"","background-media":"","overlay-type":"","overlay-color":"","overlay-opacity":"","overlay-gradient":""},"mobile":{"background-color":"","background-image":"","background-repeat":"repeat","background-position":"center center","background-size":"auto","background-attachment":"scroll","background-type":"","background-media":"","overlay-type":"","overlay-color":"","overlay-opacity":"","overlay-gradient":""}},"ast-content-background-meta":{"desktop":{"background-color":"var(--ast-global-color-5)","background-image":"","background-repeat":"repeat","background-position":"center center","background-size":"auto","background-attachment":"scroll","background-type":"","background-media":"","overlay-type":"","overlay-color":"","overlay-opacity":"","overlay-gradient":""},"tablet":{"background-color":"var(--ast-global-color-5)","background-image":"","background-repeat":"repeat","background-position":"center center","background-size":"auto","background-attachment":"scroll","background-type":"","background-media":"","overlay-type":"","overlay-color":"","overlay-opacity":"","overlay-gradient":""},"mobile":{"background-color":"var(--ast-global-color-5)","background-image":"","background-repeat":"repeat","background-position":"center center","background-size":"auto","background-attachment":"scroll","background-type":"","background-media":"","overlay-type":"","overlay-color":"","overlay-opacity":"","overlay-gradient":""}},"footnotes":""},"categories":[69,59,68,29],"tags":[283],"class_list":["post-4782","post","type-post","status-publish","format-standard","has-post-thumbnail","hentry","category-escola-poblenou","category-escola-marjal","category-escola-16","category-portada","tag-cooperativamediterrania"],"post_mailing_queue_ids":[],"_links":{"self":[{"href":"https:\/\/agora.xtec.cat\/zer-mediterrania\/wp-json\/wp\/v2\/posts\/4782","targetHints":{"allow":["GET"]}}],"collection":[{"href":"https:\/\/agora.xtec.cat\/zer-mediterrania\/wp-json\/wp\/v2\/posts"}],"about":[{"href":"https:\/\/agora.xtec.cat\/zer-mediterrania\/wp-json\/wp\/v2\/types\/post"}],"author":[{"embeddable":true,"href":"https:\/\/agora.xtec.cat\/zer-mediterrania\/wp-json\/wp\/v2\/users\/13"}],"replies":[{"embeddable":true,"href":"https:\/\/agora.xtec.cat\/zer-mediterrania\/wp-json\/wp\/v2\/comments?post=4782"}],"version-history":[{"count":2,"href":"https:\/\/agora.xtec.cat\/zer-mediterrania\/wp-json\/wp\/v2\/posts\/4782\/revisions"}],"predecessor-version":[{"id":4789,"href":"https:\/\/agora.xtec.cat\/zer-mediterrania\/wp-json\/wp\/v2\/posts\/4782\/revisions\/4789"}],"wp:featuredmedia":[{"embeddable":true,"href":"https:\/\/agora.xtec.cat\/zer-mediterrania\/wp-json\/wp\/v2\/media\/4788"}],"wp:attachment":[{"href":"https:\/\/agora.xtec.cat\/zer-mediterrania\/wp-json\/wp\/v2\/media?parent=4782"}],"wp:term":[{"taxonomy":"category","embeddable":true,"href":"https:\/\/agora.xtec.cat\/zer-mediterrania\/wp-json\/wp\/v2\/categories?post=4782"},{"taxonomy":"post_tag","embeddable":true,"href":"https:\/\/agora.xtec.cat\/zer-mediterrania\/wp-json\/wp\/v2\/tags?post=4782"}],"curies":[{"name":"wp","href":"https:\/\/api.w.org\/{rel}","templated":true}]}}