{"id":4052,"date":"2024-03-13T13:12:14","date_gmt":"2024-03-13T12:12:14","guid":{"rendered":"https:\/\/agora.xtec.cat\/zer-mediterrania\/?p=4052"},"modified":"2024-10-18T11:39:59","modified_gmt":"2024-10-18T09:39:59","slug":"sortida-al-bioparc","status":"publish","type":"post","link":"https:\/\/agora.xtec.cat\/zer-mediterrania\/escola-marjal\/i3-escola-marjal\/sortida-al-bioparc\/","title":{"rendered":"Sortida al Bioparc"},"content":{"rendered":"<p>El passat divendres, 1 de mar\u00e7, l&#8217;alumnat de la ZER Mediterr\u00e0nia va gaudir d&#8217;una sortida al Bioparc de Val\u00e8ncia, un dels millors parcs d&#8217;animals del m\u00f3n. Despr\u00e9s d&#8217;esmorzar, els xiquets i xiquetes es van convertir en exploradors\/es d&#8217;h\u00e0bitats de la natura salvatge (sabana africana, Madagascar, selva), coneixent els diferents animals que hi habiten. Despr\u00e9s de dinar tamb\u00e9 van poder gaudir d&#8217;una hist\u00f2ria molt interessant anomenada <em>Conte d&#8217;\u00c0frica.<\/em> Els va agradar tot molt i l&#8217;experi\u00e8ncia va ser molt enriquidora pels nostres alumnes. Ens ho vam passar s\u00faper b\u00e9!!!<\/p>\n<p>Podeu veure les fotos de la sortida corresponents a l&#8217;alumnat d&#8217;infantil de l&#8217;escola Marjal clicant a la seg\u00fcent imatge:<\/p>\n<p style=\"text-align: center;\"><a href=\"https:\/\/photos.app.goo.gl\/uYafCCeV4524U2M46\"><img loading=\"lazy\" decoding=\"async\" class=\"alignnone wp-image-4057\" src=\"https:\/\/agora.xtec.cat\/zer-mediterrania\/wp-content\/uploads\/usu2438\/2024\/03\/IMG_3926.jpg\" alt=\"\" width=\"337\" height=\"449\" \/><\/a><\/p>\n","protected":false},"excerpt":{"rendered":"<p>El passat divendres, 1 de mar\u00e7, l&#8217;alumnat de la ZER Mediterr\u00e0nia va gaudir d&#8217;una sortida al Bioparc de Val\u00e8ncia, un dels millors parcs d&#8217;animals del m\u00f3n. Despr\u00e9s d&#8217;esmorzar, els xiquets i xiquetes es van convertir en exploradors\/es d&#8217;h\u00e0bitats de la natura salvatge (sabana africana, Madagascar, selva), coneixent els diferents animals que hi habiten. Despr\u00e9s de [&hellip;]<\/p>\n","protected":false},"author":19,"featured_media":4064,"comment_status":"closed","ping_status":"closed","sticky":false,"template":"","format":"standard","meta":{"_bbp_topic_count":0,"_bbp_reply_count":0,"_bbp_total_topic_count":0,"_bbp_total_reply_count":0,"_bbp_voice_count":0,"_bbp_anonymous_reply_count":0,"_bbp_topic_count_hidden":0,"_bbp_reply_count_hidden":0,"_bbp_forum_subforum_count":0,"site-sidebar-layout":"default","site-content-layout":"","ast-site-content-layout":"","site-content-style":"default","site-sidebar-style":"default","ast-global-header-display":"","ast-banner-title-visibility":"","ast-main-header-display":"","ast-hfb-above-header-display":"","ast-hfb-below-header-display":"","ast-hfb-mobile-header-display":"","site-post-title":"","ast-breadcrumbs-content":"","ast-featured-img":"","footer-sml-layout":"","theme-transparent-header-meta":"","adv-header-id-meta":"","stick-header-meta":"","header-above-stick-meta":"","header-main-stick-meta":"","header-below-stick-meta":"","astra-migrate-meta-layouts":"default","ast-page-background-enabled":"default","ast-page-background-meta":{"desktop":{"background-color":"var(--ast-global-color-4)","background-image":"","background-repeat":"repeat","background-position":"center center","background-size":"auto","background-attachment":"scroll","background-type":"","background-media":"","overlay-type":"","overlay-color":"","overlay-opacity":"","overlay-gradient":""},"tablet":{"background-color":"","background-image":"","background-repeat":"repeat","background-position":"center center","background-size":"auto","background-attachment":"scroll","background-type":"","background-media":"","overlay-type":"","overlay-color":"","overlay-opacity":"","overlay-gradient":""},"mobile":{"background-color":"","background-image":"","background-repeat":"repeat","background-position":"center center","background-size":"auto","background-attachment":"scroll","background-type":"","background-media":"","overlay-type":"","overlay-color":"","overlay-opacity":"","overlay-gradient":""}},"ast-content-background-meta":{"desktop":{"background-color":"var(--ast-global-color-5)","background-image":"","background-repeat":"repeat","background-position":"center center","background-size":"auto","background-attachment":"scroll","background-type":"","background-media":"","overlay-type":"","overlay-color":"","overlay-opacity":"","overlay-gradient":""},"tablet":{"background-color":"var(--ast-global-color-5)","background-image":"","background-repeat":"repeat","background-position":"center center","background-size":"auto","background-attachment":"scroll","background-type":"","background-media":"","overlay-type":"","overlay-color":"","overlay-opacity":"","overlay-gradient":""},"mobile":{"background-color":"var(--ast-global-color-5)","background-image":"","background-repeat":"repeat","background-position":"center center","background-size":"auto","background-attachment":"scroll","background-type":"","background-media":"","overlay-type":"","overlay-color":"","overlay-opacity":"","overlay-gradient":""}},"footnotes":""},"categories":[59,58,274,60],"tags":[219,172,183,182,157],"class_list":["post-4052","post","type-post","status-publish","format-standard","has-post-thumbnail","hentry","category-escola-marjal","category-i3-escola-marjal","category-i4","category-i5-escola-marjal","tag-curs-22-23-marjal","tag-gen2018m","tag-p3-marjal","tag-p4-p5-marjal","tag-zer-mediterrania"],"post_mailing_queue_ids":[],"_links":{"self":[{"href":"https:\/\/agora.xtec.cat\/zer-mediterrania\/wp-json\/wp\/v2\/posts\/4052","targetHints":{"allow":["GET"]}}],"collection":[{"href":"https:\/\/agora.xtec.cat\/zer-mediterrania\/wp-json\/wp\/v2\/posts"}],"about":[{"href":"https:\/\/agora.xtec.cat\/zer-mediterrania\/wp-json\/wp\/v2\/types\/post"}],"author":[{"embeddable":true,"href":"https:\/\/agora.xtec.cat\/zer-mediterrania\/wp-json\/wp\/v2\/users\/19"}],"replies":[{"embeddable":true,"href":"https:\/\/agora.xtec.cat\/zer-mediterrania\/wp-json\/wp\/v2\/comments?post=4052"}],"version-history":[{"count":6,"href":"https:\/\/agora.xtec.cat\/zer-mediterrania\/wp-json\/wp\/v2\/posts\/4052\/revisions"}],"predecessor-version":[{"id":4635,"href":"https:\/\/agora.xtec.cat\/zer-mediterrania\/wp-json\/wp\/v2\/posts\/4052\/revisions\/4635"}],"wp:featuredmedia":[{"embeddable":true,"href":"https:\/\/agora.xtec.cat\/zer-mediterrania\/wp-json\/wp\/v2\/media\/4064"}],"wp:attachment":[{"href":"https:\/\/agora.xtec.cat\/zer-mediterrania\/wp-json\/wp\/v2\/media?parent=4052"}],"wp:term":[{"taxonomy":"category","embeddable":true,"href":"https:\/\/agora.xtec.cat\/zer-mediterrania\/wp-json\/wp\/v2\/categories?post=4052"},{"taxonomy":"post_tag","embeddable":true,"href":"https:\/\/agora.xtec.cat\/zer-mediterrania\/wp-json\/wp\/v2\/tags?post=4052"}],"curies":[{"name":"wp","href":"https:\/\/api.w.org\/{rel}","templated":true}]}}