{"id":4028,"date":"2024-02-16T13:26:59","date_gmt":"2024-02-16T12:26:59","guid":{"rendered":"https:\/\/agora.xtec.cat\/zer-mediterrania\/?p=4028"},"modified":"2024-10-18T10:11:51","modified_gmt":"2024-10-18T08:11:51","slug":"rua-de-carnaval","status":"publish","type":"post","link":"https:\/\/agora.xtec.cat\/zer-mediterrania\/escola-marjal\/i3-escola-marjal\/rua-de-carnaval\/","title":{"rendered":"Xocolatada i rua de carnaval"},"content":{"rendered":"<p>El passat divendres dia 9 de febrer, va ser un dia molt especial:<\/p>\n<p>Al mat\u00ed ens vam vestir amb una disfressa lliure i vam poder gaudir d&#8217;una xocolatada a c\u00e0rrec de l&#8217;AFA. Estava bon\u00edssima!<\/p>\n<p>A la tarda l&#8217;alumnat d&#8217;Infantil i Prim\u00e0ria va fer la rua del carnaval pels carrer de Les Cases d&#8217;Alcanar.<\/p>\n<p>Portaven disfresses relacionades amb els antics oficis. L&#8217;alumnat de sis\u00e8 els va presentar grup per grup:<\/p>\n<ul>\n<li>\n<p align=\"justify\"><span style=\"font-family: Arial, sans-serif;\">L&#8217;alumnat d&#8217;<strong>Infantil<\/strong> es van caracteritzar de pescadors i pescadores.<\/span><\/p>\n<\/li>\n<li>\n<p align=\"justify\"><span style=\"font-family: Arial, sans-serif;\">A <strong>Cicle Inicial<\/strong> es van vestir de pagesos i pageses.<\/span><\/p>\n<\/li>\n<li>\n<p align=\"justify\"><span style=\"font-family: Arial, sans-serif;\">Els i les alumnes de <strong>Cicle Mitj\u00e0<\/strong>, de pastors i pastores.<\/span><\/p>\n<\/li>\n<li>\n<p align=\"justify\"><span style=\"font-family: Arial, sans-serif;\">En canvi, l&#8217;alumnat de <strong>Cicle Superior<\/strong> van anar de serenos i serenes.<\/span><\/p>\n<\/li>\n<\/ul>\n<p>Vam poder ballar tots junts al ritme d&#8217;una coreografia que vam practicar&#8230;i a m\u00e9s, l&#8217;alumnat de Cicle Superior va tocar una <em>batucada<\/em> que els va quedar genial!<\/p>\n<p>Podeu veure les fotos fent clic al seg\u00fcent enlla\u00e7: <a href=\"https:\/\/photos.app.goo.gl\/v6niRHWJW72aHbLQ8\">FOTOS CARNAVAL\u00a0<\/a><\/p>\n<p>I3 I I4: <a href=\"https:\/\/photos.app.goo.gl\/rDgpyfkAYJWjXm1b6\">https:\/\/photos.app.goo.gl\/rDgpyfkAYJWjXm1b6<\/a><\/p>\n<p>I5: <a href=\"https:\/\/photos.app.goo.gl\/EbyU61reVkWnuQ2KA\">https:\/\/photos.app.goo.gl\/EbyU61reVkWnuQ2KA<\/a><\/p>\n<p>&nbsp;<\/p>\n","protected":false},"excerpt":{"rendered":"<p>El passat divendres dia 9 de febrer, va ser un dia molt especial: Al mat\u00ed ens vam vestir amb una disfressa lliure i vam poder gaudir d&#8217;una xocolatada a c\u00e0rrec de l&#8217;AFA. Estava bon\u00edssima! A la tarda l&#8217;alumnat d&#8217;Infantil i Prim\u00e0ria va fer la rua del carnaval pels carrer de Les Cases d&#8217;Alcanar. Portaven disfresses [&hellip;]<\/p>\n","protected":false},"author":42,"featured_media":4030,"comment_status":"closed","ping_status":"closed","sticky":false,"template":"","format":"standard","meta":{"_bbp_topic_count":0,"_bbp_reply_count":0,"_bbp_total_topic_count":0,"_bbp_total_reply_count":0,"_bbp_voice_count":0,"_bbp_anonymous_reply_count":0,"_bbp_topic_count_hidden":0,"_bbp_reply_count_hidden":0,"_bbp_forum_subforum_count":0,"site-sidebar-layout":"default","site-content-layout":"","ast-site-content-layout":"","site-content-style":"default","site-sidebar-style":"default","ast-global-header-display":"","ast-banner-title-visibility":"","ast-main-header-display":"","ast-hfb-above-header-display":"","ast-hfb-below-header-display":"","ast-hfb-mobile-header-display":"","site-post-title":"","ast-breadcrumbs-content":"","ast-featured-img":"","footer-sml-layout":"","theme-transparent-header-meta":"","adv-header-id-meta":"","stick-header-meta":"","header-above-stick-meta":"","header-main-stick-meta":"","header-below-stick-meta":"","astra-migrate-meta-layouts":"default","ast-page-background-enabled":"default","ast-page-background-meta":{"desktop":{"background-color":"var(--ast-global-color-4)","background-image":"","background-repeat":"repeat","background-position":"center center","background-size":"auto","background-attachment":"scroll","background-type":"","background-media":"","overlay-type":"","overlay-color":"","overlay-opacity":"","overlay-gradient":""},"tablet":{"background-color":"","background-image":"","background-repeat":"repeat","background-position":"center center","background-size":"auto","background-attachment":"scroll","background-type":"","background-media":"","overlay-type":"","overlay-color":"","overlay-opacity":"","overlay-gradient":""},"mobile":{"background-color":"","background-image":"","background-repeat":"repeat","background-position":"center center","background-size":"auto","background-attachment":"scroll","background-type":"","background-media":"","overlay-type":"","overlay-color":"","overlay-opacity":"","overlay-gradient":""}},"ast-content-background-meta":{"desktop":{"background-color":"var(--ast-global-color-5)","background-image":"","background-repeat":"repeat","background-position":"center center","background-size":"auto","background-attachment":"scroll","background-type":"","background-media":"","overlay-type":"","overlay-color":"","overlay-opacity":"","overlay-gradient":""},"tablet":{"background-color":"var(--ast-global-color-5)","background-image":"","background-repeat":"repeat","background-position":"center center","background-size":"auto","background-attachment":"scroll","background-type":"","background-media":"","overlay-type":"","overlay-color":"","overlay-opacity":"","overlay-gradient":""},"mobile":{"background-color":"var(--ast-global-color-5)","background-image":"","background-repeat":"repeat","background-position":"center center","background-size":"auto","background-attachment":"scroll","background-type":"","background-media":"","overlay-type":"","overlay-color":"","overlay-opacity":"","overlay-gradient":""}},"footnotes":""},"categories":[277,278,279,280,66,67,76,58,274,60],"tags":[166,211,247],"class_list":["post-4028","post","type-post","status-publish","format-standard","has-post-thumbnail","hentry","category-1r-marjal","category-2n-marjal","category-3r-marjal","category-4rt-marjal","category-5e-escola-marjal","category-6e-escola-marjal","category-afa-escola-marjal","category-i3-escola-marjal","category-i4","category-i5-escola-marjal","tag-afamarjal","tag-carnaval-marjal","tag-curs-23-24-marjal"],"post_mailing_queue_ids":[],"_links":{"self":[{"href":"https:\/\/agora.xtec.cat\/zer-mediterrania\/wp-json\/wp\/v2\/posts\/4028","targetHints":{"allow":["GET"]}}],"collection":[{"href":"https:\/\/agora.xtec.cat\/zer-mediterrania\/wp-json\/wp\/v2\/posts"}],"about":[{"href":"https:\/\/agora.xtec.cat\/zer-mediterrania\/wp-json\/wp\/v2\/types\/post"}],"author":[{"embeddable":true,"href":"https:\/\/agora.xtec.cat\/zer-mediterrania\/wp-json\/wp\/v2\/users\/42"}],"replies":[{"embeddable":true,"href":"https:\/\/agora.xtec.cat\/zer-mediterrania\/wp-json\/wp\/v2\/comments?post=4028"}],"version-history":[{"count":4,"href":"https:\/\/agora.xtec.cat\/zer-mediterrania\/wp-json\/wp\/v2\/posts\/4028\/revisions"}],"predecessor-version":[{"id":4046,"href":"https:\/\/agora.xtec.cat\/zer-mediterrania\/wp-json\/wp\/v2\/posts\/4028\/revisions\/4046"}],"wp:featuredmedia":[{"embeddable":true,"href":"https:\/\/agora.xtec.cat\/zer-mediterrania\/wp-json\/wp\/v2\/media\/4030"}],"wp:attachment":[{"href":"https:\/\/agora.xtec.cat\/zer-mediterrania\/wp-json\/wp\/v2\/media?parent=4028"}],"wp:term":[{"taxonomy":"category","embeddable":true,"href":"https:\/\/agora.xtec.cat\/zer-mediterrania\/wp-json\/wp\/v2\/categories?post=4028"},{"taxonomy":"post_tag","embeddable":true,"href":"https:\/\/agora.xtec.cat\/zer-mediterrania\/wp-json\/wp\/v2\/tags?post=4028"}],"curies":[{"name":"wp","href":"https:\/\/api.w.org\/{rel}","templated":true}]}}