{"id":3755,"date":"2023-10-19T07:47:30","date_gmt":"2023-10-19T05:47:30","guid":{"rendered":"https:\/\/agora.xtec.cat\/zer-mediterrania\/?p=3755"},"modified":"2023-12-23T18:32:48","modified_gmt":"2023-12-23T17:32:48","slug":"dia-mundial-de-la-rcp","status":"publish","type":"post","link":"https:\/\/agora.xtec.cat\/zer-mediterrania\/escola-marjal\/dia-mundial-de-la-rcp\/","title":{"rendered":"DIA MUNDIAL DE LA RCP"},"content":{"rendered":"<p>Aprofitant que a classe l&#8217;alumnat de 6\u00e8, a l\u2019\u00e0rea de medi, est\u00e0 estudiant la funci\u00f3 de nutrici\u00f3, en aquest moment m\u00e9s en concret l\u2019aparell respiratori; i aprofitant que el passat dilluns va ser el dia Mundial de la Reanimaci\u00f3 Cardio Pulmonar (16 d\u2019octubre), s\u2019ha cregut oport\u00fa fer un taller sobre RCP i DEA (Desfibril\u00b7lador Extern Autom\u00e0tic). En aquesta edici\u00f3 tamb\u00e9 ha realitzat el taller l&#8217;alumnat de 5\u00e8.<\/p>\n<p>En anterioritat es va demanar al caporal de bombers, formador en cursos de primers auxilis i natural d\u2019Alcanar Jordi Bort, si podia realitzar aquest taller, com ha realitzat molt amablement en cursos anteriors. Va acceptar la proposta i el dimecres 18 d&#8217;octubre a la tarda, va portar els ninos i un desfibril\u00b7lador d\u2019entrenament, material necessari per als cursos que imparteix de primers auxilis.<\/p>\n<p>Abans de la seva visita, a classe vam llegir les instruccions i vam visualitzar alguns v\u00eddeos de quan i com es realitza la RCP o s\u2019utilitza el DEA.<\/p>\n<p>A la tarda al pati interior vam realitzar la sessi\u00f3 m\u00e9s pr\u00e0ctica, on vam aprendre a com portar a terme:<\/p>\n<ul>\n<li>Posici\u00f3 lateral de seguretat (Quan una persona est\u00e0 inconscient per\u00f2 respira).<\/li>\n<li>Maniobra de Heimlich (quan alg\u00fa s\u2019ennuega), tant adults com a infants.<\/li>\n<li>RCP i DEA (Quan una v\u00edctima est\u00e0 inconscient i no respira).<\/li>\n<\/ul>\n<p>Aix\u00ed com els protocols previs que s\u2019han de realitzar abans d\u2019alguna d\u2019aquestes intervencions (comprovar l\u2019estat de la v\u00edctima, trucar al 112 i qu\u00e8 s\u2019ha de dir, comen\u00e7ar les primeres atencions fins que arribin els professionals sanitaris).<\/p>\n<p>Des de l\u2019escola Marjal agra\u00efm la col\u00b7laboraci\u00f3 per part de Jordi Bort, per les explicacions i la cessi\u00f3 del material. D\u2019aquesta forma l\u2019alumnat ha pres consci\u00e8ncia de la import\u00e0ncia de con\u00e8ixer l\u2019anatomia humana i algunes t\u00e8cniques de primers auxilis que poden salvar vides. Gr\u00e0cies.<\/p>\n<p>&nbsp;<\/p>\n<p>A continuaci\u00f3 si cliqueu a la imatge seg\u00fcent podreu veure algunes fotos de les pr\u00e0ctiques realitzades ahir:<\/p>\n<p><a href=\"https:\/\/photos.app.goo.gl\/7Zf42PktyiRCp9Fq8\"><img loading=\"lazy\" decoding=\"async\" class=\"alignnone size-large wp-image-1658\" src=\"https:\/\/agora.xtec.cat\/zer-mediterrania\/wp-content\/uploads\/usu2438\/2021\/10\/rcp-1024x181.png\" alt=\"\" width=\"1024\" height=\"181\" srcset=\"https:\/\/agora.xtec.cat\/zer-mediterrania\/wp-content\/uploads\/usu2438\/2021\/10\/rcp-1024x181.png 1024w, https:\/\/agora.xtec.cat\/zer-mediterrania\/wp-content\/uploads\/usu2438\/2021\/10\/rcp-300x53.png 300w, https:\/\/agora.xtec.cat\/zer-mediterrania\/wp-content\/uploads\/usu2438\/2021\/10\/rcp-768x136.png 768w, https:\/\/agora.xtec.cat\/zer-mediterrania\/wp-content\/uploads\/usu2438\/2021\/10\/rcp.png 1246w\" sizes=\"auto, (max-width: 1024px) 100vw, 1024px\" \/><\/a><\/p>\n","protected":false},"excerpt":{"rendered":"<p>Aprofitant que a classe l&#8217;alumnat de 6\u00e8, a l\u2019\u00e0rea de medi, est\u00e0 estudiant la funci\u00f3 de nutrici\u00f3, en aquest moment m\u00e9s en concret l\u2019aparell respiratori; i aprofitant que el passat dilluns va ser el dia Mundial de la Reanimaci\u00f3 Cardio Pulmonar (16 d\u2019octubre), s\u2019ha cregut oport\u00fa fer un taller sobre RCP i DEA (Desfibril\u00b7lador Extern [&hellip;]<\/p>\n","protected":false},"author":12,"featured_media":1656,"comment_status":"closed","ping_status":"closed","sticky":false,"template":"","format":"standard","meta":{"_bbp_topic_count":0,"_bbp_reply_count":0,"_bbp_total_topic_count":0,"_bbp_total_reply_count":0,"_bbp_voice_count":0,"_bbp_anonymous_reply_count":0,"_bbp_topic_count_hidden":0,"_bbp_reply_count_hidden":0,"_bbp_forum_subforum_count":0,"site-sidebar-layout":"default","site-content-layout":"","ast-site-content-layout":"","site-content-style":"default","site-sidebar-style":"default","ast-global-header-display":"","ast-banner-title-visibility":"","ast-main-header-display":"","ast-hfb-above-header-display":"","ast-hfb-below-header-display":"","ast-hfb-mobile-header-display":"","site-post-title":"","ast-breadcrumbs-content":"","ast-featured-img":"","footer-sml-layout":"","theme-transparent-header-meta":"","adv-header-id-meta":"","stick-header-meta":"","header-above-stick-meta":"","header-main-stick-meta":"","header-below-stick-meta":"","astra-migrate-meta-layouts":"default","ast-page-background-enabled":"default","ast-page-background-meta":{"desktop":{"background-color":"var(--ast-global-color-4)","background-image":"","background-repeat":"repeat","background-position":"center center","background-size":"auto","background-attachment":"scroll","background-type":"","background-media":"","overlay-type":"","overlay-color":"","overlay-opacity":"","overlay-gradient":""},"tablet":{"background-color":"","background-image":"","background-repeat":"repeat","background-position":"center center","background-size":"auto","background-attachment":"scroll","background-type":"","background-media":"","overlay-type":"","overlay-color":"","overlay-opacity":"","overlay-gradient":""},"mobile":{"background-color":"","background-image":"","background-repeat":"repeat","background-position":"center center","background-size":"auto","background-attachment":"scroll","background-type":"","background-media":"","overlay-type":"","overlay-color":"","overlay-opacity":"","overlay-gradient":""}},"ast-content-background-meta":{"desktop":{"background-color":"var(--ast-global-color-5)","background-image":"","background-repeat":"repeat","background-position":"center center","background-size":"auto","background-attachment":"scroll","background-type":"","background-media":"","overlay-type":"","overlay-color":"","overlay-opacity":"","overlay-gradient":""},"tablet":{"background-color":"var(--ast-global-color-5)","background-image":"","background-repeat":"repeat","background-position":"center center","background-size":"auto","background-attachment":"scroll","background-type":"","background-media":"","overlay-type":"","overlay-color":"","overlay-opacity":"","overlay-gradient":""},"mobile":{"background-color":"var(--ast-global-color-5)","background-image":"","background-repeat":"repeat","background-position":"center center","background-size":"auto","background-attachment":"scroll","background-type":"","background-media":"","overlay-type":"","overlay-color":"","overlay-opacity":"","overlay-gradient":""}},"footnotes":""},"categories":[66,67,59],"tags":[178,177],"class_list":["post-3755","post","type-post","status-publish","format-standard","has-post-thumbnail","hentry","category-5e-escola-marjal","category-6e-escola-marjal","category-escola-marjal","tag-gen2012m","tag-gen2013m"],"post_mailing_queue_ids":[],"_links":{"self":[{"href":"https:\/\/agora.xtec.cat\/zer-mediterrania\/wp-json\/wp\/v2\/posts\/3755","targetHints":{"allow":["GET"]}}],"collection":[{"href":"https:\/\/agora.xtec.cat\/zer-mediterrania\/wp-json\/wp\/v2\/posts"}],"about":[{"href":"https:\/\/agora.xtec.cat\/zer-mediterrania\/wp-json\/wp\/v2\/types\/post"}],"author":[{"embeddable":true,"href":"https:\/\/agora.xtec.cat\/zer-mediterrania\/wp-json\/wp\/v2\/users\/12"}],"replies":[{"embeddable":true,"href":"https:\/\/agora.xtec.cat\/zer-mediterrania\/wp-json\/wp\/v2\/comments?post=3755"}],"version-history":[{"count":4,"href":"https:\/\/agora.xtec.cat\/zer-mediterrania\/wp-json\/wp\/v2\/posts\/3755\/revisions"}],"predecessor-version":[{"id":3903,"href":"https:\/\/agora.xtec.cat\/zer-mediterrania\/wp-json\/wp\/v2\/posts\/3755\/revisions\/3903"}],"wp:featuredmedia":[{"embeddable":true,"href":"https:\/\/agora.xtec.cat\/zer-mediterrania\/wp-json\/wp\/v2\/media\/1656"}],"wp:attachment":[{"href":"https:\/\/agora.xtec.cat\/zer-mediterrania\/wp-json\/wp\/v2\/media?parent=3755"}],"wp:term":[{"taxonomy":"category","embeddable":true,"href":"https:\/\/agora.xtec.cat\/zer-mediterrania\/wp-json\/wp\/v2\/categories?post=3755"},{"taxonomy":"post_tag","embeddable":true,"href":"https:\/\/agora.xtec.cat\/zer-mediterrania\/wp-json\/wp\/v2\/tags?post=3755"}],"curies":[{"name":"wp","href":"https:\/\/api.w.org\/{rel}","templated":true}]}}