{"id":3718,"date":"2023-09-26T09:45:45","date_gmt":"2023-09-26T07:45:45","guid":{"rendered":"https:\/\/agora.xtec.cat\/zer-mediterrania\/?p=3718"},"modified":"2023-09-26T09:48:40","modified_gmt":"2023-09-26T07:48:40","slug":"torna-el-bicibus-a-lescola-marjal","status":"publish","type":"post","link":"https:\/\/agora.xtec.cat\/zer-mediterrania\/escola-marjal\/torna-el-bicibus-a-lescola-marjal\/","title":{"rendered":"TORNA EL BICIB\u00daS A L&#8217;ESCOLA MARJAL"},"content":{"rendered":"<p>Amb motiu de la <strong>Setmana Europea de la Mobilitat<\/strong> i coincidint amb el <strong>Dia Mundial Sense Cotxes<\/strong>, el passat divendres dia<strong> 22 de setembre<\/strong>, l&#8217;associaci\u00f3 de fam\u00edlies i alumnes (AFA) de l&#8217;Escola Marjal va impulsar el primer Bicib\u00fas d&#8217;aquest curs escolar. Aquesta activitat t\u00e9 com a objectiu conscienciar l&#8217;alumnat sobre l&#8217;\u00fas excessiu dels cotxes dels nostres pobles i ciutats.<\/p>\n<p>L&#8217;Escola Marjal, s&#8217;ha destacat sempre per la seva dedicaci\u00f3 a promoure la consci\u00e8ncia ecol\u00f2gica entre els seus alumnes.<\/p>\n<p>El Bicib\u00fas va comptar amb una participaci\u00f3 molt bona d&#8217; alumnes de diferents nivells educatius. Acompanyats per membres de l&#8217;AFA, pares i mestres, els xiquets i xiquetes van rec\u00f3rrer un senzill itinerari fins a l&#8217;escola. Amb aquestes petites rutes es poden observar f\u00e0cilment els punts febles que t\u00e9 el municipi en quan a mobilitat sostenible ( senyalitzaci\u00f3, carrils bici, aparcaments&#8230;)\u00a0 i destaca les avantatges de la mobilitat en bicicleta enfront de l&#8217;\u00fas del cotxe.<\/p>\n<p>A m\u00e9s de promoure l&#8217;\u00fas de la bicicleta com a mitj\u00e0 de transport ecol\u00f2gic, el <strong>Bicib\u00fas<\/strong> ens serveix com a plataforma per a la transmissi\u00f3 d&#8217;altres valors fonamentals com la cooperaci\u00f3, la responsabilitat i la consci\u00e8ncia c\u00edvica. Els participants tamb\u00e9 aprenen la import\u00e0ncia de compartir l&#8217;espai p\u00fablic de manera segura i respectuosa amb els altres usuaris de la via.<\/p>\n<p><strong>Us esperem al proper BICIB\u00daS!!!<\/strong><\/p>\n<p>Algunes fotos:<\/p>\n<p><img loading=\"lazy\" decoding=\"async\" class=\"alignnone wp-image-3719\" src=\"https:\/\/agora.xtec.cat\/zer-mediterrania\/wp-content\/uploads\/usu2438\/2023\/09\/IMG_0667-COLLAGE.jpg\" alt=\"\" width=\"672\" height=\"672\" srcset=\"https:\/\/agora.xtec.cat\/zer-mediterrania\/wp-content\/uploads\/usu2438\/2023\/09\/IMG_0667-COLLAGE.jpg 905w, https:\/\/agora.xtec.cat\/zer-mediterrania\/wp-content\/uploads\/usu2438\/2023\/09\/IMG_0667-COLLAGE-300x300.jpg 300w, https:\/\/agora.xtec.cat\/zer-mediterrania\/wp-content\/uploads\/usu2438\/2023\/09\/IMG_0667-COLLAGE-150x150.jpg 150w, https:\/\/agora.xtec.cat\/zer-mediterrania\/wp-content\/uploads\/usu2438\/2023\/09\/IMG_0667-COLLAGE-768x768.jpg 768w\" sizes=\"auto, (max-width: 672px) 100vw, 672px\" \/><\/p>\n<p>&nbsp;<\/p>\n<p>&nbsp;<\/p>\n<p>&nbsp;<\/p>\n<p>&nbsp;<\/p>\n","protected":false},"excerpt":{"rendered":"<p>Amb motiu de la Setmana Europea de la Mobilitat i coincidint amb el Dia Mundial Sense Cotxes, el passat divendres dia 22 de setembre, l&#8217;associaci\u00f3 de fam\u00edlies i alumnes (AFA) de l&#8217;Escola Marjal va impulsar el primer Bicib\u00fas d&#8217;aquest curs escolar. Aquesta activitat t\u00e9 com a objectiu conscienciar l&#8217;alumnat sobre l&#8217;\u00fas excessiu dels cotxes dels [&hellip;]<\/p>\n","protected":false},"author":13,"featured_media":3720,"comment_status":"open","ping_status":"closed","sticky":false,"template":"","format":"standard","meta":{"_bbp_topic_count":0,"_bbp_reply_count":0,"_bbp_total_topic_count":0,"_bbp_total_reply_count":0,"_bbp_voice_count":0,"_bbp_anonymous_reply_count":0,"_bbp_topic_count_hidden":0,"_bbp_reply_count_hidden":0,"_bbp_forum_subforum_count":0,"site-sidebar-layout":"default","site-content-layout":"","ast-site-content-layout":"","site-content-style":"default","site-sidebar-style":"default","ast-global-header-display":"","ast-banner-title-visibility":"","ast-main-header-display":"","ast-hfb-above-header-display":"","ast-hfb-below-header-display":"","ast-hfb-mobile-header-display":"","site-post-title":"","ast-breadcrumbs-content":"","ast-featured-img":"","footer-sml-layout":"","theme-transparent-header-meta":"","adv-header-id-meta":"","stick-header-meta":"","header-above-stick-meta":"","header-main-stick-meta":"","header-below-stick-meta":"","astra-migrate-meta-layouts":"default","ast-page-background-enabled":"default","ast-page-background-meta":{"desktop":{"background-color":"var(--ast-global-color-4)","background-image":"","background-repeat":"repeat","background-position":"center center","background-size":"auto","background-attachment":"scroll","background-type":"","background-media":"","overlay-type":"","overlay-color":"","overlay-opacity":"","overlay-gradient":""},"tablet":{"background-color":"","background-image":"","background-repeat":"repeat","background-position":"center center","background-size":"auto","background-attachment":"scroll","background-type":"","background-media":"","overlay-type":"","overlay-color":"","overlay-opacity":"","overlay-gradient":""},"mobile":{"background-color":"","background-image":"","background-repeat":"repeat","background-position":"center center","background-size":"auto","background-attachment":"scroll","background-type":"","background-media":"","overlay-type":"","overlay-color":"","overlay-opacity":"","overlay-gradient":""}},"ast-content-background-meta":{"desktop":{"background-color":"var(--ast-global-color-5)","background-image":"","background-repeat":"repeat","background-position":"center center","background-size":"auto","background-attachment":"scroll","background-type":"","background-media":"","overlay-type":"","overlay-color":"","overlay-opacity":"","overlay-gradient":""},"tablet":{"background-color":"var(--ast-global-color-5)","background-image":"","background-repeat":"repeat","background-position":"center center","background-size":"auto","background-attachment":"scroll","background-type":"","background-media":"","overlay-type":"","overlay-color":"","overlay-opacity":"","overlay-gradient":""},"mobile":{"background-color":"var(--ast-global-color-5)","background-image":"","background-repeat":"repeat","background-position":"center center","background-size":"auto","background-attachment":"scroll","background-type":"","background-media":"","overlay-type":"","overlay-color":"","overlay-opacity":"","overlay-gradient":""}},"footnotes":""},"categories":[76,59],"tags":[245],"class_list":["post-3718","post","type-post","status-publish","format-standard","has-post-thumbnail","hentry","category-afa-escola-marjal","category-escola-marjal","tag-bicibus2324"],"post_mailing_queue_ids":[],"_links":{"self":[{"href":"https:\/\/agora.xtec.cat\/zer-mediterrania\/wp-json\/wp\/v2\/posts\/3718","targetHints":{"allow":["GET"]}}],"collection":[{"href":"https:\/\/agora.xtec.cat\/zer-mediterrania\/wp-json\/wp\/v2\/posts"}],"about":[{"href":"https:\/\/agora.xtec.cat\/zer-mediterrania\/wp-json\/wp\/v2\/types\/post"}],"author":[{"embeddable":true,"href":"https:\/\/agora.xtec.cat\/zer-mediterrania\/wp-json\/wp\/v2\/users\/13"}],"replies":[{"embeddable":true,"href":"https:\/\/agora.xtec.cat\/zer-mediterrania\/wp-json\/wp\/v2\/comments?post=3718"}],"version-history":[{"count":1,"href":"https:\/\/agora.xtec.cat\/zer-mediterrania\/wp-json\/wp\/v2\/posts\/3718\/revisions"}],"predecessor-version":[{"id":3721,"href":"https:\/\/agora.xtec.cat\/zer-mediterrania\/wp-json\/wp\/v2\/posts\/3718\/revisions\/3721"}],"wp:featuredmedia":[{"embeddable":true,"href":"https:\/\/agora.xtec.cat\/zer-mediterrania\/wp-json\/wp\/v2\/media\/3720"}],"wp:attachment":[{"href":"https:\/\/agora.xtec.cat\/zer-mediterrania\/wp-json\/wp\/v2\/media?parent=3718"}],"wp:term":[{"taxonomy":"category","embeddable":true,"href":"https:\/\/agora.xtec.cat\/zer-mediterrania\/wp-json\/wp\/v2\/categories?post=3718"},{"taxonomy":"post_tag","embeddable":true,"href":"https:\/\/agora.xtec.cat\/zer-mediterrania\/wp-json\/wp\/v2\/tags?post=3718"}],"curies":[{"name":"wp","href":"https:\/\/api.w.org\/{rel}","templated":true}]}}