{"id":3544,"date":"2023-06-06T08:23:35","date_gmt":"2023-06-06T06:23:35","guid":{"rendered":"https:\/\/agora.xtec.cat\/zer-mediterrania\/?p=3544"},"modified":"2023-06-06T08:24:45","modified_gmt":"2023-06-06T06:24:45","slug":"visita-de-la-directora-general-de-lalumnat","status":"publish","type":"post","link":"https:\/\/agora.xtec.cat\/zer-mediterrania\/escola-marjal\/visita-de-la-directora-general-de-lalumnat\/","title":{"rendered":"VISITA DE LA DIRECTORA GENERAL DE L&#8217;ALUMNAT"},"content":{"rendered":"<p>El 28 d\u2019abril de 2023 ens ha visitat la directora general d\u2019Alumnat, Anna Chillida. Quan ha arribat, acompanyada de la nostra regidora i inspectora, l\u2019hem saludada i li hem fet un recorregut per l\u2019escola. Despr\u00e9s ens hem reunit a l\u2019aula de m\u00fasica amb l\u2019alumnat representant de Prim\u00e0ria de cada cicle i els ha fet dos preguntes:<\/p>\n<p style=\"text-align: center;\">Qu\u00e8 els agrada de l\u2019escola?<br \/>\nQu\u00e8 voldrien millorar?<\/p>\n<p>L\u2019alumnat ha expressat que els agrada molt l\u2019escola perqu\u00e8 \u00e9s acollidora, hi ha una relaci\u00f3 amable amb els companys\/es i els mestres, els agraden les activitats que realitzen a l\u2019escola i s\u2019ho passen molt b\u00e9 jugant.<br \/>\nEls agradaria que hi hagu\u00e9s m\u00e9s ombra al pati, un gimn\u00e0s, aire condicionat, que nom\u00e9s hi hagu\u00e9s classe pel mat\u00ed (jornada continuada) amb dos patis, aprofitar m\u00e9s el pati interior i posar gespa artificial per poder fer lectura relaxada, etc.<br \/>\nLa directora, Anna Chillida, els ha dit que els faria un retorn de les propostes que havien fet.<br \/>\nElla ens ha manifestat queli ha agradat l\u2019escola i nosaltres molts contents i contentes que ens hagi visitat!<\/p>\n<p><a href=\"https:\/\/agora.xtec.cat\/zer-mediterrania\/wp-content\/uploads\/usu2438\/2023\/06\/IMG-20230428-WA0001.jpg\"><img loading=\"lazy\" decoding=\"async\" class=\"alignnone size-large wp-image-3545\" src=\"https:\/\/agora.xtec.cat\/zer-mediterrania\/wp-content\/uploads\/usu2438\/2023\/06\/IMG-20230428-WA0001-1024x768.jpg\" alt=\"\" width=\"1024\" height=\"768\" srcset=\"https:\/\/agora.xtec.cat\/zer-mediterrania\/wp-content\/uploads\/usu2438\/2023\/06\/IMG-20230428-WA0001-1024x768.jpg 1024w, https:\/\/agora.xtec.cat\/zer-mediterrania\/wp-content\/uploads\/usu2438\/2023\/06\/IMG-20230428-WA0001-300x225.jpg 300w, https:\/\/agora.xtec.cat\/zer-mediterrania\/wp-content\/uploads\/usu2438\/2023\/06\/IMG-20230428-WA0001-768x576.jpg 768w, https:\/\/agora.xtec.cat\/zer-mediterrania\/wp-content\/uploads\/usu2438\/2023\/06\/IMG-20230428-WA0001-1536x1152.jpg 1536w, https:\/\/agora.xtec.cat\/zer-mediterrania\/wp-content\/uploads\/usu2438\/2023\/06\/IMG-20230428-WA0001-200x150.jpg 200w, https:\/\/agora.xtec.cat\/zer-mediterrania\/wp-content\/uploads\/usu2438\/2023\/06\/IMG-20230428-WA0001.jpg 2000w\" sizes=\"auto, (max-width: 1024px) 100vw, 1024px\" \/><\/a><\/p>\n","protected":false},"excerpt":{"rendered":"<p>El 28 d\u2019abril de 2023 ens ha visitat la directora general d\u2019Alumnat, Anna Chillida. Quan ha arribat, acompanyada de la nostra regidora i inspectora, l\u2019hem saludada i li hem fet un recorregut per l\u2019escola. Despr\u00e9s ens hem reunit a l\u2019aula de m\u00fasica amb l\u2019alumnat representant de Prim\u00e0ria de cada cicle i els ha fet dos [&hellip;]<\/p>\n","protected":false},"author":12,"featured_media":3545,"comment_status":"closed","ping_status":"closed","sticky":false,"template":"","format":"standard","meta":{"_bbp_topic_count":0,"_bbp_reply_count":0,"_bbp_total_topic_count":0,"_bbp_total_reply_count":0,"_bbp_voice_count":0,"_bbp_anonymous_reply_count":0,"_bbp_topic_count_hidden":0,"_bbp_reply_count_hidden":0,"_bbp_forum_subforum_count":0,"site-sidebar-layout":"default","site-content-layout":"","ast-site-content-layout":"","site-content-style":"default","site-sidebar-style":"default","ast-global-header-display":"","ast-banner-title-visibility":"","ast-main-header-display":"","ast-hfb-above-header-display":"","ast-hfb-below-header-display":"","ast-hfb-mobile-header-display":"","site-post-title":"","ast-breadcrumbs-content":"","ast-featured-img":"","footer-sml-layout":"","theme-transparent-header-meta":"","adv-header-id-meta":"","stick-header-meta":"","header-above-stick-meta":"","header-main-stick-meta":"","header-below-stick-meta":"","astra-migrate-meta-layouts":"default","ast-page-background-enabled":"default","ast-page-background-meta":{"desktop":{"background-color":"var(--ast-global-color-4)","background-image":"","background-repeat":"repeat","background-position":"center center","background-size":"auto","background-attachment":"scroll","background-type":"","background-media":"","overlay-type":"","overlay-color":"","overlay-opacity":"","overlay-gradient":""},"tablet":{"background-color":"","background-image":"","background-repeat":"repeat","background-position":"center center","background-size":"auto","background-attachment":"scroll","background-type":"","background-media":"","overlay-type":"","overlay-color":"","overlay-opacity":"","overlay-gradient":""},"mobile":{"background-color":"","background-image":"","background-repeat":"repeat","background-position":"center center","background-size":"auto","background-attachment":"scroll","background-type":"","background-media":"","overlay-type":"","overlay-color":"","overlay-opacity":"","overlay-gradient":""}},"ast-content-background-meta":{"desktop":{"background-color":"var(--ast-global-color-5)","background-image":"","background-repeat":"repeat","background-position":"center center","background-size":"auto","background-attachment":"scroll","background-type":"","background-media":"","overlay-type":"","overlay-color":"","overlay-opacity":"","overlay-gradient":""},"tablet":{"background-color":"var(--ast-global-color-5)","background-image":"","background-repeat":"repeat","background-position":"center center","background-size":"auto","background-attachment":"scroll","background-type":"","background-media":"","overlay-type":"","overlay-color":"","overlay-opacity":"","overlay-gradient":""},"mobile":{"background-color":"var(--ast-global-color-5)","background-image":"","background-repeat":"repeat","background-position":"center center","background-size":"auto","background-attachment":"scroll","background-type":"","background-media":"","overlay-type":"","overlay-color":"","overlay-opacity":"","overlay-gradient":""}},"footnotes":""},"categories":[59],"tags":[],"class_list":["post-3544","post","type-post","status-publish","format-standard","has-post-thumbnail","hentry","category-escola-marjal"],"post_mailing_queue_ids":[],"_links":{"self":[{"href":"https:\/\/agora.xtec.cat\/zer-mediterrania\/wp-json\/wp\/v2\/posts\/3544","targetHints":{"allow":["GET"]}}],"collection":[{"href":"https:\/\/agora.xtec.cat\/zer-mediterrania\/wp-json\/wp\/v2\/posts"}],"about":[{"href":"https:\/\/agora.xtec.cat\/zer-mediterrania\/wp-json\/wp\/v2\/types\/post"}],"author":[{"embeddable":true,"href":"https:\/\/agora.xtec.cat\/zer-mediterrania\/wp-json\/wp\/v2\/users\/12"}],"replies":[{"embeddable":true,"href":"https:\/\/agora.xtec.cat\/zer-mediterrania\/wp-json\/wp\/v2\/comments?post=3544"}],"version-history":[{"count":2,"href":"https:\/\/agora.xtec.cat\/zer-mediterrania\/wp-json\/wp\/v2\/posts\/3544\/revisions"}],"predecessor-version":[{"id":3547,"href":"https:\/\/agora.xtec.cat\/zer-mediterrania\/wp-json\/wp\/v2\/posts\/3544\/revisions\/3547"}],"wp:featuredmedia":[{"embeddable":true,"href":"https:\/\/agora.xtec.cat\/zer-mediterrania\/wp-json\/wp\/v2\/media\/3545"}],"wp:attachment":[{"href":"https:\/\/agora.xtec.cat\/zer-mediterrania\/wp-json\/wp\/v2\/media?parent=3544"}],"wp:term":[{"taxonomy":"category","embeddable":true,"href":"https:\/\/agora.xtec.cat\/zer-mediterrania\/wp-json\/wp\/v2\/categories?post=3544"},{"taxonomy":"post_tag","embeddable":true,"href":"https:\/\/agora.xtec.cat\/zer-mediterrania\/wp-json\/wp\/v2\/tags?post=3544"}],"curies":[{"name":"wp","href":"https:\/\/api.w.org\/{rel}","templated":true}]}}