{"id":3507,"date":"2023-05-31T16:06:34","date_gmt":"2023-05-31T14:06:34","guid":{"rendered":"https:\/\/agora.xtec.cat\/zer-mediterrania\/?p=3507"},"modified":"2024-10-18T10:20:15","modified_gmt":"2024-10-18T08:20:15","slug":"entrega-de-premis-del-x-concurs-de-jocs-florals","status":"publish","type":"post","link":"https:\/\/agora.xtec.cat\/zer-mediterrania\/escola-marjal\/entrega-de-premis-del-x-concurs-de-jocs-florals\/","title":{"rendered":"ENTREGA DE PREMIS DEL X CONCURS LITERARI DELS JOCS FLORALS"},"content":{"rendered":"<p><span style=\"font-family: Arial, sans-serif;\"><span lang=\"ca-ES\">El passat dimarts, dia 30 de maig, l\u2019alumnat finalista de la nostra escola va anar al Teatre-Auditori Felip Pedrell de Tortosa a l\u2019acte de lliurement de premis de la fase territorial dels X Jocs Florals Escolar de Catalunya. <\/span><\/span><\/p>\n<p lang=\"ca-ES\"><span style=\"font-family: Arial, sans-serif;\">La nostra escola va quedar finalista en tres modalitats:<\/span><\/p>\n<p lang=\"ca-ES\"><span style=\"font-family: Arial, sans-serif;\">A1 prosa: finalistes de cicle inicial<\/span><\/p>\n<p lang=\"ca-ES\"><span style=\"font-family: Arial, sans-serif;\">B1 prosa: Finalistes de cicle mitj\u00e0<\/span><\/p>\n<p lang=\"ca-ES\"><span style=\"font-family: Arial, sans-serif;\">C1 prosa: finalistes de cicle superior.<\/span><\/p>\n<p lang=\"ca-ES\"><span style=\"font-family: Arial, sans-serif;\">L\u2019alumnat finalista va anar acompanyat\/ada pel seu tutor\/a a l\u2019acte. Malauradament en cap categoria v\u00e0rem aconseguir la 1a posici\u00f3, per\u00f2 va ser una experi\u00e8ncia enriquidora, per aix\u00ed veure el nivell del territori i al mateix temps premiar a l&#8217;alumnat que s&#8217;ha esfor\u00e7at molt per arribar a ser finalista.<\/span><\/p>\n<p lang=\"ca-ES\"><span style=\"font-family: Arial, sans-serif;\">Un cop va acabar l&#8217;acte vam anar a dinar al parc del costat de l\u2019auditori.<\/span><\/p>\n<p lang=\"ca-ES\">Podeu veure algunes fotos clicant a <a href=\"https:\/\/photos.app.goo.gl\/SSS2vUn9utPHWW7L7\">FOTOS<\/a>.<\/p>\n","protected":false},"excerpt":{"rendered":"<p>El passat dimarts, dia 30 de maig, l\u2019alumnat finalista de la nostra escola va anar al Teatre-Auditori Felip Pedrell de Tortosa a l\u2019acte de lliurement de premis de la fase territorial dels X Jocs Florals Escolar de Catalunya. La nostra escola va quedar finalista en tres modalitats: A1 prosa: finalistes de cicle inicial B1 prosa: [&hellip;]<\/p>\n","protected":false},"author":12,"featured_media":3508,"comment_status":"closed","ping_status":"closed","sticky":false,"template":"","format":"standard","meta":{"_bbp_topic_count":0,"_bbp_reply_count":0,"_bbp_total_topic_count":0,"_bbp_total_reply_count":0,"_bbp_voice_count":0,"_bbp_anonymous_reply_count":0,"_bbp_topic_count_hidden":0,"_bbp_reply_count_hidden":0,"_bbp_forum_subforum_count":0,"site-sidebar-layout":"default","site-content-layout":"","ast-site-content-layout":"","site-content-style":"default","site-sidebar-style":"default","ast-global-header-display":"","ast-banner-title-visibility":"","ast-main-header-display":"","ast-hfb-above-header-display":"","ast-hfb-below-header-display":"","ast-hfb-mobile-header-display":"","site-post-title":"","ast-breadcrumbs-content":"","ast-featured-img":"","footer-sml-layout":"","theme-transparent-header-meta":"","adv-header-id-meta":"","stick-header-meta":"","header-above-stick-meta":"","header-main-stick-meta":"","header-below-stick-meta":"","astra-migrate-meta-layouts":"default","ast-page-background-enabled":"default","ast-page-background-meta":{"desktop":{"background-color":"var(--ast-global-color-4)","background-image":"","background-repeat":"repeat","background-position":"center center","background-size":"auto","background-attachment":"scroll","background-type":"","background-media":"","overlay-type":"","overlay-color":"","overlay-opacity":"","overlay-gradient":""},"tablet":{"background-color":"","background-image":"","background-repeat":"repeat","background-position":"center center","background-size":"auto","background-attachment":"scroll","background-type":"","background-media":"","overlay-type":"","overlay-color":"","overlay-opacity":"","overlay-gradient":""},"mobile":{"background-color":"","background-image":"","background-repeat":"repeat","background-position":"center center","background-size":"auto","background-attachment":"scroll","background-type":"","background-media":"","overlay-type":"","overlay-color":"","overlay-opacity":"","overlay-gradient":""}},"ast-content-background-meta":{"desktop":{"background-color":"var(--ast-global-color-5)","background-image":"","background-repeat":"repeat","background-position":"center center","background-size":"auto","background-attachment":"scroll","background-type":"","background-media":"","overlay-type":"","overlay-color":"","overlay-opacity":"","overlay-gradient":""},"tablet":{"background-color":"var(--ast-global-color-5)","background-image":"","background-repeat":"repeat","background-position":"center center","background-size":"auto","background-attachment":"scroll","background-type":"","background-media":"","overlay-type":"","overlay-color":"","overlay-opacity":"","overlay-gradient":""},"mobile":{"background-color":"var(--ast-global-color-5)","background-image":"","background-repeat":"repeat","background-position":"center center","background-size":"auto","background-attachment":"scroll","background-type":"","background-media":"","overlay-type":"","overlay-color":"","overlay-opacity":"","overlay-gradient":""}},"footnotes":""},"categories":[277,278,279,280,67,59],"tags":[179,177,175],"class_list":["post-3507","post","type-post","status-publish","format-standard","has-post-thumbnail","hentry","category-1r-marjal","category-2n-marjal","category-3r-marjal","category-4rt-marjal","category-6e-escola-marjal","category-escola-marjal","tag-gen2011m","tag-gen2013m","tag-gen2015m"],"post_mailing_queue_ids":[],"_links":{"self":[{"href":"https:\/\/agora.xtec.cat\/zer-mediterrania\/wp-json\/wp\/v2\/posts\/3507","targetHints":{"allow":["GET"]}}],"collection":[{"href":"https:\/\/agora.xtec.cat\/zer-mediterrania\/wp-json\/wp\/v2\/posts"}],"about":[{"href":"https:\/\/agora.xtec.cat\/zer-mediterrania\/wp-json\/wp\/v2\/types\/post"}],"author":[{"embeddable":true,"href":"https:\/\/agora.xtec.cat\/zer-mediterrania\/wp-json\/wp\/v2\/users\/12"}],"replies":[{"embeddable":true,"href":"https:\/\/agora.xtec.cat\/zer-mediterrania\/wp-json\/wp\/v2\/comments?post=3507"}],"version-history":[{"count":3,"href":"https:\/\/agora.xtec.cat\/zer-mediterrania\/wp-json\/wp\/v2\/posts\/3507\/revisions"}],"predecessor-version":[{"id":3511,"href":"https:\/\/agora.xtec.cat\/zer-mediterrania\/wp-json\/wp\/v2\/posts\/3507\/revisions\/3511"}],"wp:featuredmedia":[{"embeddable":true,"href":"https:\/\/agora.xtec.cat\/zer-mediterrania\/wp-json\/wp\/v2\/media\/3508"}],"wp:attachment":[{"href":"https:\/\/agora.xtec.cat\/zer-mediterrania\/wp-json\/wp\/v2\/media?parent=3507"}],"wp:term":[{"taxonomy":"category","embeddable":true,"href":"https:\/\/agora.xtec.cat\/zer-mediterrania\/wp-json\/wp\/v2\/categories?post=3507"},{"taxonomy":"post_tag","embeddable":true,"href":"https:\/\/agora.xtec.cat\/zer-mediterrania\/wp-json\/wp\/v2\/tags?post=3507"}],"curies":[{"name":"wp","href":"https:\/\/api.w.org\/{rel}","templated":true}]}}