{"id":3270,"date":"2023-03-15T22:11:18","date_gmt":"2023-03-15T21:11:18","guid":{"rendered":"https:\/\/agora.xtec.cat\/zer-mediterrania\/?p=3270"},"modified":"2023-03-15T22:18:14","modified_gmt":"2023-03-15T21:18:14","slug":"el-primer-bicibus-a-lescola-marjal","status":"publish","type":"post","link":"https:\/\/agora.xtec.cat\/zer-mediterrania\/escola-marjal\/el-primer-bicibus-a-lescola-marjal\/","title":{"rendered":"EL PRIMER BICIB\u00daS A L&#8217;ESCOLA MARJAL"},"content":{"rendered":"<p>Avui l&#8217;AFA de l&#8217;escola Marjal ha organitzat el seu primer bicib\u00fas. Els xiquets i xiquetes han pogut gaudir d&#8217;una iniciativa que ajuda a fomentar l&#8217;exercici f\u00edsic, reduir les emissions contaminants i a conviure de manera segura en altres vehicles de la via p\u00fablica. Una jornada que els ha omplert d&#8217;il\u00b7lusi\u00f3 i de felicitat.<\/p>\n<p>Aix\u00ed que, ja sabeu, els tercers dimecres de mes, puja al BICIBUS del Marjal !!!<\/p>\n<p>Si vols saber qu\u00e8 \u00e9s un bicib\u00fas clica a : <a href=\"https:\/\/bicibus.cat\/index#features13-7\">M\u00c9S INFO<\/a><\/p>\n<p>Us deixem algunes fotos:<\/p>\n<p><img loading=\"lazy\" decoding=\"async\" class=\"alignnone wp-image-3272\" src=\"https:\/\/agora.xtec.cat\/zer-mediterrania\/wp-content\/uploads\/usu2438\/2023\/03\/IMG_9173-COLLAGE-1024x1024.jpg\" alt=\"\" width=\"338\" height=\"338\" srcset=\"https:\/\/agora.xtec.cat\/zer-mediterrania\/wp-content\/uploads\/usu2438\/2023\/03\/IMG_9173-COLLAGE-1024x1024.jpg 1024w, https:\/\/agora.xtec.cat\/zer-mediterrania\/wp-content\/uploads\/usu2438\/2023\/03\/IMG_9173-COLLAGE-300x300.jpg 300w, https:\/\/agora.xtec.cat\/zer-mediterrania\/wp-content\/uploads\/usu2438\/2023\/03\/IMG_9173-COLLAGE-150x150.jpg 150w, https:\/\/agora.xtec.cat\/zer-mediterrania\/wp-content\/uploads\/usu2438\/2023\/03\/IMG_9173-COLLAGE-768x768.jpg 768w, https:\/\/agora.xtec.cat\/zer-mediterrania\/wp-content\/uploads\/usu2438\/2023\/03\/IMG_9173-COLLAGE-1536x1536.jpg 1536w, https:\/\/agora.xtec.cat\/zer-mediterrania\/wp-content\/uploads\/usu2438\/2023\/03\/IMG_9173-COLLAGE.jpg 2046w\" sizes=\"auto, (max-width: 338px) 100vw, 338px\" \/> <img loading=\"lazy\" decoding=\"async\" class=\"alignnone wp-image-3277\" src=\"https:\/\/agora.xtec.cat\/zer-mediterrania\/wp-content\/uploads\/usu2438\/2023\/03\/IMG_9185-COLLAGE.jpg\" alt=\"\" width=\"331\" height=\"331\" srcset=\"https:\/\/agora.xtec.cat\/zer-mediterrania\/wp-content\/uploads\/usu2438\/2023\/03\/IMG_9185-COLLAGE.jpg 890w, https:\/\/agora.xtec.cat\/zer-mediterrania\/wp-content\/uploads\/usu2438\/2023\/03\/IMG_9185-COLLAGE-300x300.jpg 300w, https:\/\/agora.xtec.cat\/zer-mediterrania\/wp-content\/uploads\/usu2438\/2023\/03\/IMG_9185-COLLAGE-150x150.jpg 150w, https:\/\/agora.xtec.cat\/zer-mediterrania\/wp-content\/uploads\/usu2438\/2023\/03\/IMG_9185-COLLAGE-768x768.jpg 768w\" sizes=\"auto, (max-width: 331px) 100vw, 331px\" \/><\/p>\n","protected":false},"excerpt":{"rendered":"<p>Avui l&#8217;AFA de l&#8217;escola Marjal ha organitzat el seu primer bicib\u00fas. Els xiquets i xiquetes han pogut gaudir d&#8217;una iniciativa que ajuda a fomentar l&#8217;exercici f\u00edsic, reduir les emissions contaminants i a conviure de manera segura en altres vehicles de la via p\u00fablica. Una jornada que els ha omplert d&#8217;il\u00b7lusi\u00f3 i de felicitat. Aix\u00ed que, [&hellip;]<\/p>\n","protected":false},"author":13,"featured_media":3274,"comment_status":"open","ping_status":"closed","sticky":false,"template":"","format":"standard","meta":{"_bbp_topic_count":0,"_bbp_reply_count":0,"_bbp_total_topic_count":0,"_bbp_total_reply_count":0,"_bbp_voice_count":0,"_bbp_anonymous_reply_count":0,"_bbp_topic_count_hidden":0,"_bbp_reply_count_hidden":0,"_bbp_forum_subforum_count":0,"site-sidebar-layout":"default","site-content-layout":"","ast-site-content-layout":"","site-content-style":"default","site-sidebar-style":"default","ast-global-header-display":"","ast-banner-title-visibility":"","ast-main-header-display":"","ast-hfb-above-header-display":"","ast-hfb-below-header-display":"","ast-hfb-mobile-header-display":"","site-post-title":"","ast-breadcrumbs-content":"","ast-featured-img":"","footer-sml-layout":"","theme-transparent-header-meta":"","adv-header-id-meta":"","stick-header-meta":"","header-above-stick-meta":"","header-main-stick-meta":"","header-below-stick-meta":"","astra-migrate-meta-layouts":"default","ast-page-background-enabled":"default","ast-page-background-meta":{"desktop":{"background-color":"var(--ast-global-color-4)","background-image":"","background-repeat":"repeat","background-position":"center center","background-size":"auto","background-attachment":"scroll","background-type":"","background-media":"","overlay-type":"","overlay-color":"","overlay-opacity":"","overlay-gradient":""},"tablet":{"background-color":"","background-image":"","background-repeat":"repeat","background-position":"center center","background-size":"auto","background-attachment":"scroll","background-type":"","background-media":"","overlay-type":"","overlay-color":"","overlay-opacity":"","overlay-gradient":""},"mobile":{"background-color":"","background-image":"","background-repeat":"repeat","background-position":"center center","background-size":"auto","background-attachment":"scroll","background-type":"","background-media":"","overlay-type":"","overlay-color":"","overlay-opacity":"","overlay-gradient":""}},"ast-content-background-meta":{"desktop":{"background-color":"var(--ast-global-color-5)","background-image":"","background-repeat":"repeat","background-position":"center center","background-size":"auto","background-attachment":"scroll","background-type":"","background-media":"","overlay-type":"","overlay-color":"","overlay-opacity":"","overlay-gradient":""},"tablet":{"background-color":"var(--ast-global-color-5)","background-image":"","background-repeat":"repeat","background-position":"center center","background-size":"auto","background-attachment":"scroll","background-type":"","background-media":"","overlay-type":"","overlay-color":"","overlay-opacity":"","overlay-gradient":""},"mobile":{"background-color":"var(--ast-global-color-5)","background-image":"","background-repeat":"repeat","background-position":"center center","background-size":"auto","background-attachment":"scroll","background-type":"","background-media":"","overlay-type":"","overlay-color":"","overlay-opacity":"","overlay-gradient":""}},"footnotes":""},"categories":[76,59],"tags":[230],"class_list":["post-3270","post","type-post","status-publish","format-standard","has-post-thumbnail","hentry","category-afa-escola-marjal","category-escola-marjal","tag-bicibus2023"],"post_mailing_queue_ids":[],"_links":{"self":[{"href":"https:\/\/agora.xtec.cat\/zer-mediterrania\/wp-json\/wp\/v2\/posts\/3270","targetHints":{"allow":["GET"]}}],"collection":[{"href":"https:\/\/agora.xtec.cat\/zer-mediterrania\/wp-json\/wp\/v2\/posts"}],"about":[{"href":"https:\/\/agora.xtec.cat\/zer-mediterrania\/wp-json\/wp\/v2\/types\/post"}],"author":[{"embeddable":true,"href":"https:\/\/agora.xtec.cat\/zer-mediterrania\/wp-json\/wp\/v2\/users\/13"}],"replies":[{"embeddable":true,"href":"https:\/\/agora.xtec.cat\/zer-mediterrania\/wp-json\/wp\/v2\/comments?post=3270"}],"version-history":[{"count":3,"href":"https:\/\/agora.xtec.cat\/zer-mediterrania\/wp-json\/wp\/v2\/posts\/3270\/revisions"}],"predecessor-version":[{"id":3278,"href":"https:\/\/agora.xtec.cat\/zer-mediterrania\/wp-json\/wp\/v2\/posts\/3270\/revisions\/3278"}],"wp:featuredmedia":[{"embeddable":true,"href":"https:\/\/agora.xtec.cat\/zer-mediterrania\/wp-json\/wp\/v2\/media\/3274"}],"wp:attachment":[{"href":"https:\/\/agora.xtec.cat\/zer-mediterrania\/wp-json\/wp\/v2\/media?parent=3270"}],"wp:term":[{"taxonomy":"category","embeddable":true,"href":"https:\/\/agora.xtec.cat\/zer-mediterrania\/wp-json\/wp\/v2\/categories?post=3270"},{"taxonomy":"post_tag","embeddable":true,"href":"https:\/\/agora.xtec.cat\/zer-mediterrania\/wp-json\/wp\/v2\/tags?post=3270"}],"curies":[{"name":"wp","href":"https:\/\/api.w.org\/{rel}","templated":true}]}}