{"id":3267,"date":"2023-03-15T08:48:37","date_gmt":"2023-03-15T07:48:37","guid":{"rendered":"https:\/\/agora.xtec.cat\/zer-mediterrania\/?p=3267"},"modified":"2023-03-15T08:48:37","modified_gmt":"2023-03-15T07:48:37","slug":"visitem-el-fablab-i-el-museu-comarcal-a-amposta","status":"publish","type":"post","link":"https:\/\/agora.xtec.cat\/zer-mediterrania\/escola-16\/visitem-el-fablab-i-el-museu-comarcal-a-amposta\/","title":{"rendered":"Visitem el FabLab i el Museu Comarcal a Amposta"},"content":{"rendered":"<p>El passat divendres 10 de mar\u00e7 els alumnes de cicle mitj\u00e0 i superior de l\u2019Escola Setze de Febrer vam fer una sortida a Amposta per anar a visitar el Fab Lab de les Terres de l\u2019Ebre i el Museu Comarcal del Montsi\u00e0.<\/p>\n<p>El Fab Lab \u00e9s un laboratori de fabricaci\u00f3 digital que busca apropar a la ciutadania a la tecnologia digital. All\u00ed la gent pot anar a crear, dissenyar, fabricar i transformar els seus projectes en alguna cosa material. All\u00e0 ens van ensenyar diferents impressores 3D i fresadores, aix\u00ed com altres objectes creats i dissenyats al mateix Fab Lab.<\/p>\n<p>Al Museu Comarcal del Montsi\u00e0 vam poder gaudir de tres exposicions diferents: Les Terres de l\u2019Ebre, de la prehist\u00f2ria a l\u2019edat mitjana, L\u2019Ebre, cam\u00ed d\u2019aigua i una exposici\u00f3 temporal que mostrava un conjunt de postals antigues de la zona.<\/p>\n<p>Un cop vam acabar les visites vam passejar per la ciutat fins arribar al Parc dels Xiribecs on vam dinar i vam tenir una estona d\u2019esbarjo fins que vam anar a buscar l\u2019autob\u00fas per tornar als Muntells.<\/p>\n<p>Podeu veure les fotografies <a href=\"https:\/\/photos.app.goo.gl\/BPv4ztJbA7xChm3PA\">AQU\u00cd<\/a>.<\/p>\n","protected":false},"excerpt":{"rendered":"<p>El passat divendres 10 de mar\u00e7 els alumnes de cicle mitj\u00e0 i superior de l\u2019Escola Setze de Febrer vam fer una sortida a Amposta per anar a visitar el Fab Lab de les Terres de l\u2019Ebre i el Museu Comarcal del Montsi\u00e0. El Fab Lab \u00e9s un laboratori de fabricaci\u00f3 digital que busca apropar a [&hellip;]<\/p>\n","protected":false},"author":34,"featured_media":3268,"comment_status":"open","ping_status":"closed","sticky":false,"template":"","format":"standard","meta":{"_bbp_topic_count":0,"_bbp_reply_count":0,"_bbp_total_topic_count":0,"_bbp_total_reply_count":0,"_bbp_voice_count":0,"_bbp_anonymous_reply_count":0,"_bbp_topic_count_hidden":0,"_bbp_reply_count_hidden":0,"_bbp_forum_subforum_count":0,"site-sidebar-layout":"default","site-content-layout":"","ast-site-content-layout":"","site-content-style":"default","site-sidebar-style":"default","ast-global-header-display":"","ast-banner-title-visibility":"","ast-main-header-display":"","ast-hfb-above-header-display":"","ast-hfb-below-header-display":"","ast-hfb-mobile-header-display":"","site-post-title":"","ast-breadcrumbs-content":"","ast-featured-img":"","footer-sml-layout":"","theme-transparent-header-meta":"","adv-header-id-meta":"","stick-header-meta":"","header-above-stick-meta":"","header-main-stick-meta":"","header-below-stick-meta":"","astra-migrate-meta-layouts":"default","ast-page-background-enabled":"default","ast-page-background-meta":{"desktop":{"background-color":"var(--ast-global-color-4)","background-image":"","background-repeat":"repeat","background-position":"center center","background-size":"auto","background-attachment":"scroll","background-type":"","background-media":"","overlay-type":"","overlay-color":"","overlay-opacity":"","overlay-gradient":""},"tablet":{"background-color":"","background-image":"","background-repeat":"repeat","background-position":"center center","background-size":"auto","background-attachment":"scroll","background-type":"","background-media":"","overlay-type":"","overlay-color":"","overlay-opacity":"","overlay-gradient":""},"mobile":{"background-color":"","background-image":"","background-repeat":"repeat","background-position":"center center","background-size":"auto","background-attachment":"scroll","background-type":"","background-media":"","overlay-type":"","overlay-color":"","overlay-opacity":"","overlay-gradient":""}},"ast-content-background-meta":{"desktop":{"background-color":"var(--ast-global-color-5)","background-image":"","background-repeat":"repeat","background-position":"center center","background-size":"auto","background-attachment":"scroll","background-type":"","background-media":"","overlay-type":"","overlay-color":"","overlay-opacity":"","overlay-gradient":""},"tablet":{"background-color":"var(--ast-global-color-5)","background-image":"","background-repeat":"repeat","background-position":"center center","background-size":"auto","background-attachment":"scroll","background-type":"","background-media":"","overlay-type":"","overlay-color":"","overlay-opacity":"","overlay-gradient":""},"mobile":{"background-color":"var(--ast-global-color-5)","background-image":"","background-repeat":"repeat","background-position":"center center","background-size":"auto","background-attachment":"scroll","background-type":"","background-media":"","overlay-type":"","overlay-color":"","overlay-opacity":"","overlay-gradient":""}},"footnotes":""},"categories":[73,75,68],"tags":[],"class_list":["post-3267","post","type-post","status-publish","format-standard","has-post-thumbnail","hentry","category-cm-16-febrer","category-cs-16-febrer","category-escola-16"],"post_mailing_queue_ids":[],"_links":{"self":[{"href":"https:\/\/agora.xtec.cat\/zer-mediterrania\/wp-json\/wp\/v2\/posts\/3267","targetHints":{"allow":["GET"]}}],"collection":[{"href":"https:\/\/agora.xtec.cat\/zer-mediterrania\/wp-json\/wp\/v2\/posts"}],"about":[{"href":"https:\/\/agora.xtec.cat\/zer-mediterrania\/wp-json\/wp\/v2\/types\/post"}],"author":[{"embeddable":true,"href":"https:\/\/agora.xtec.cat\/zer-mediterrania\/wp-json\/wp\/v2\/users\/34"}],"replies":[{"embeddable":true,"href":"https:\/\/agora.xtec.cat\/zer-mediterrania\/wp-json\/wp\/v2\/comments?post=3267"}],"version-history":[{"count":1,"href":"https:\/\/agora.xtec.cat\/zer-mediterrania\/wp-json\/wp\/v2\/posts\/3267\/revisions"}],"predecessor-version":[{"id":3269,"href":"https:\/\/agora.xtec.cat\/zer-mediterrania\/wp-json\/wp\/v2\/posts\/3267\/revisions\/3269"}],"wp:featuredmedia":[{"embeddable":true,"href":"https:\/\/agora.xtec.cat\/zer-mediterrania\/wp-json\/wp\/v2\/media\/3268"}],"wp:attachment":[{"href":"https:\/\/agora.xtec.cat\/zer-mediterrania\/wp-json\/wp\/v2\/media?parent=3267"}],"wp:term":[{"taxonomy":"category","embeddable":true,"href":"https:\/\/agora.xtec.cat\/zer-mediterrania\/wp-json\/wp\/v2\/categories?post=3267"},{"taxonomy":"post_tag","embeddable":true,"href":"https:\/\/agora.xtec.cat\/zer-mediterrania\/wp-json\/wp\/v2\/tags?post=3267"}],"curies":[{"name":"wp","href":"https:\/\/api.w.org\/{rel}","templated":true}]}}