{"id":2955,"date":"2022-12-02T13:00:17","date_gmt":"2022-12-02T12:00:17","guid":{"rendered":"https:\/\/agora.xtec.cat\/zer-mediterrania\/?p=2955"},"modified":"2022-12-11T11:20:19","modified_gmt":"2022-12-11T10:20:19","slug":"el-pla-catala-de-lesport-presenta-ladhesio-de-centres-ebrencs-a-lescola-marjal","status":"publish","type":"post","link":"https:\/\/agora.xtec.cat\/zer-mediterrania\/general\/el-pla-catala-de-lesport-presenta-ladhesio-de-centres-ebrencs-a-lescola-marjal\/","title":{"rendered":"El Pla Catal\u00e0 de l\u2019Esport presenta l&#8217;adhesi\u00f3 de centres ebrencs a l&#8217;escola Marjal"},"content":{"rendered":"<p>Aquest divendres 2 de desembre, l\u2019alcalde de l\u2019Ajuntament d\u2019Alcanar, Joan Roig Castell; el regidor d\u2019Esports, Jordi Bort Juan; conjuntament amb el representant territorial de l\u2019Esport, Joan Barber\u00e0 Carceller; l\u2019assessora ALIC del Departament d\u2019Educaci\u00f3, Anna Navarro Subirats; i la representant de la ZER Mediterr\u00e0nia, Anna Llambrich Segura <strong>han presentat des de l\u2019escola p\u00fablica Marjal, a les Cases d\u2019Alcanar, l\u2019adhesi\u00f3 dels nous centres de les Terres de l\u2019Ebre al Pla Catal\u00e0 Esport a l\u2019Escola<\/strong> (PCEE) de la Secretaria General de l\u2019Esport i l\u2019Activitat F\u00edsica de la Generalitat.<\/p>\n<p>Ens han explicat que el curs 2022-23 s\u2019han incorporat <strong>3 nous centres de les Terres de l\u2019Ebre<\/strong>\u00a0al PCEE:<\/p>\n<ul>\n<li>ZER Mediterr\u00e0nia, formada per les escoles de les Cases Alcanar, Poble Nou del Delta i Muntells.<\/li>\n<li>ZER Riu Avall, formada per les escoles de Tivenys i B\u00edtem.<\/li>\n<li>ZER Font de l\u2019Algadir, formada per les escoles de Rasquera i Ginestar.<\/li>\n<\/ul>\n<p>Amb aquestes tres noves incorporacions, s\u00f3n 64 centres de les Terres de l&#8217;Ebre, el 90% dels adherits al programa.<\/p>\n<p>Estem molt contents d&#8217;aquesta presentaci\u00f3 a la nostra ZER.<\/p>\n<p>Us deixem l&#8217;enlla\u00e7 per m\u00e9s informaci\u00f3. <a href=\"https:\/\/www.youtube.com\/watch?v=ctELTqgxJIw\">AQU\u00cd<\/a><\/p>\n<p><img loading=\"lazy\" decoding=\"async\" class=\"alignnone wp-image-2956\" src=\"https:\/\/agora.xtec.cat\/zer-mediterrania\/wp-content\/uploads\/usu2438\/2022\/12\/383cad90-644e-4236-838a-914ad9e3a553-3-768x1024.jpg\" alt=\"\" width=\"463\" height=\"617\" srcset=\"https:\/\/agora.xtec.cat\/zer-mediterrania\/wp-content\/uploads\/usu2438\/2022\/12\/383cad90-644e-4236-838a-914ad9e3a553-3-768x1024.jpg 768w, https:\/\/agora.xtec.cat\/zer-mediterrania\/wp-content\/uploads\/usu2438\/2022\/12\/383cad90-644e-4236-838a-914ad9e3a553-3-225x300.jpg 225w, https:\/\/agora.xtec.cat\/zer-mediterrania\/wp-content\/uploads\/usu2438\/2022\/12\/383cad90-644e-4236-838a-914ad9e3a553-3-1152x1536.jpg 1152w, https:\/\/agora.xtec.cat\/zer-mediterrania\/wp-content\/uploads\/usu2438\/2022\/12\/383cad90-644e-4236-838a-914ad9e3a553-3.jpg 1536w\" sizes=\"auto, (max-width: 463px) 100vw, 463px\" \/><\/p>\n","protected":false},"excerpt":{"rendered":"<p>Aquest divendres 2 de desembre, l\u2019alcalde de l\u2019Ajuntament d\u2019Alcanar, Joan Roig Castell; el regidor d\u2019Esports, Jordi Bort Juan; conjuntament amb el representant territorial de l\u2019Esport, Joan Barber\u00e0 Carceller; l\u2019assessora ALIC del Departament d\u2019Educaci\u00f3, Anna Navarro Subirats; i la representant de la ZER Mediterr\u00e0nia, Anna Llambrich Segura han presentat des de l\u2019escola p\u00fablica Marjal, a les [&hellip;]<\/p>\n","protected":false},"author":13,"featured_media":2957,"comment_status":"open","ping_status":"closed","sticky":false,"template":"","format":"standard","meta":{"_bbp_topic_count":0,"_bbp_reply_count":0,"_bbp_total_topic_count":0,"_bbp_total_reply_count":0,"_bbp_voice_count":0,"_bbp_anonymous_reply_count":0,"_bbp_topic_count_hidden":0,"_bbp_reply_count_hidden":0,"_bbp_forum_subforum_count":0,"site-sidebar-layout":"default","site-content-layout":"","ast-site-content-layout":"","site-content-style":"default","site-sidebar-style":"default","ast-global-header-display":"","ast-banner-title-visibility":"","ast-main-header-display":"","ast-hfb-above-header-display":"","ast-hfb-below-header-display":"","ast-hfb-mobile-header-display":"","site-post-title":"","ast-breadcrumbs-content":"","ast-featured-img":"","footer-sml-layout":"","theme-transparent-header-meta":"","adv-header-id-meta":"","stick-header-meta":"","header-above-stick-meta":"","header-main-stick-meta":"","header-below-stick-meta":"","astra-migrate-meta-layouts":"default","ast-page-background-enabled":"default","ast-page-background-meta":{"desktop":{"background-color":"var(--ast-global-color-4)","background-image":"","background-repeat":"repeat","background-position":"center center","background-size":"auto","background-attachment":"scroll","background-type":"","background-media":"","overlay-type":"","overlay-color":"","overlay-opacity":"","overlay-gradient":""},"tablet":{"background-color":"","background-image":"","background-repeat":"repeat","background-position":"center center","background-size":"auto","background-attachment":"scroll","background-type":"","background-media":"","overlay-type":"","overlay-color":"","overlay-opacity":"","overlay-gradient":""},"mobile":{"background-color":"","background-image":"","background-repeat":"repeat","background-position":"center center","background-size":"auto","background-attachment":"scroll","background-type":"","background-media":"","overlay-type":"","overlay-color":"","overlay-opacity":"","overlay-gradient":""}},"ast-content-background-meta":{"desktop":{"background-color":"var(--ast-global-color-5)","background-image":"","background-repeat":"repeat","background-position":"center center","background-size":"auto","background-attachment":"scroll","background-type":"","background-media":"","overlay-type":"","overlay-color":"","overlay-opacity":"","overlay-gradient":""},"tablet":{"background-color":"var(--ast-global-color-5)","background-image":"","background-repeat":"repeat","background-position":"center center","background-size":"auto","background-attachment":"scroll","background-type":"","background-media":"","overlay-type":"","overlay-color":"","overlay-opacity":"","overlay-gradient":""},"mobile":{"background-color":"var(--ast-global-color-5)","background-image":"","background-repeat":"repeat","background-position":"center center","background-size":"auto","background-attachment":"scroll","background-type":"","background-media":"","overlay-type":"","overlay-color":"","overlay-opacity":"","overlay-gradient":""}},"footnotes":""},"categories":[69,59,68,1,29],"tags":[225],"class_list":["post-2955","post","type-post","status-publish","format-standard","has-post-thumbnail","hentry","category-escola-poblenou","category-escola-marjal","category-escola-16","category-general","category-portada","tag-pcee"],"post_mailing_queue_ids":[],"_links":{"self":[{"href":"https:\/\/agora.xtec.cat\/zer-mediterrania\/wp-json\/wp\/v2\/posts\/2955","targetHints":{"allow":["GET"]}}],"collection":[{"href":"https:\/\/agora.xtec.cat\/zer-mediterrania\/wp-json\/wp\/v2\/posts"}],"about":[{"href":"https:\/\/agora.xtec.cat\/zer-mediterrania\/wp-json\/wp\/v2\/types\/post"}],"author":[{"embeddable":true,"href":"https:\/\/agora.xtec.cat\/zer-mediterrania\/wp-json\/wp\/v2\/users\/13"}],"replies":[{"embeddable":true,"href":"https:\/\/agora.xtec.cat\/zer-mediterrania\/wp-json\/wp\/v2\/comments?post=2955"}],"version-history":[{"count":2,"href":"https:\/\/agora.xtec.cat\/zer-mediterrania\/wp-json\/wp\/v2\/posts\/2955\/revisions"}],"predecessor-version":[{"id":2994,"href":"https:\/\/agora.xtec.cat\/zer-mediterrania\/wp-json\/wp\/v2\/posts\/2955\/revisions\/2994"}],"wp:featuredmedia":[{"embeddable":true,"href":"https:\/\/agora.xtec.cat\/zer-mediterrania\/wp-json\/wp\/v2\/media\/2957"}],"wp:attachment":[{"href":"https:\/\/agora.xtec.cat\/zer-mediterrania\/wp-json\/wp\/v2\/media?parent=2955"}],"wp:term":[{"taxonomy":"category","embeddable":true,"href":"https:\/\/agora.xtec.cat\/zer-mediterrania\/wp-json\/wp\/v2\/categories?post=2955"},{"taxonomy":"post_tag","embeddable":true,"href":"https:\/\/agora.xtec.cat\/zer-mediterrania\/wp-json\/wp\/v2\/tags?post=2955"}],"curies":[{"name":"wp","href":"https:\/\/api.w.org\/{rel}","templated":true}]}}