{"id":2825,"date":"2023-05-23T12:00:13","date_gmt":"2023-05-23T10:00:13","guid":{"rendered":"https:\/\/agora.xtec.cat\/zer-mediterrania\/?p=2825"},"modified":"2023-07-05T10:03:09","modified_gmt":"2023-07-05T08:03:09","slug":"aniversaris-i4-i5-ritual-montessori","status":"publish","type":"post","link":"https:\/\/agora.xtec.cat\/zer-mediterrania\/escola-marjal\/aniversaris-i4-i5-ritual-montessori\/","title":{"rendered":"Aniversaris I4-I5 (Ritual Montessori)"},"content":{"rendered":"<p>Un curs m\u00e9s, a l&#8217;aula de P4 i P5, celebrem els aniversaris seguint el ritual Montessori. A continuaci\u00f3 podeu veure en qu\u00e8 consisteix aquest ritual. Esperem que us agradi tant com a nosaltres!<br \/>\nAl final d\u2019aquesta entrada teniu les fotos dels aniversaris celebrats. S\u2019aniran incloent les fotos de tots els aniversaris al llarg del curs.<\/p>\n<p>La celebraci\u00f3 de l&#8217;aniversari Montessori \u00e9s una &#8220;celebraci\u00f3 de la vida&#8221;. \u00c9s un ritual que, a m\u00e9s de centrar l&#8217;atenci\u00f3 en el xiquet\/a que fa els anys i de fer-lo sentir acompanyat\/da pels seus amics\/amigues, ajuda els m\u00e9s petits a comprendre una mica el pas del temps i el perqu\u00e8 de la celebraci\u00f3.<br \/>\nTots els companys\/es s&#8217;asseuen a terra formant un cercle. Al centre posem una espelma que simbolitza el sol i, envoltant-lo, els cartells dels mesos de l&#8217;any, formant els raigs. Cada volta al sol \u00e9s un any. Queda aix\u00ed:<\/p>\n<p><img loading=\"lazy\" decoding=\"async\" class=\"wp-image-1723 aligncenter\" src=\"https:\/\/agora.xtec.cat\/zer-mediterrania\/wp-content\/uploads\/usu2438\/2021\/11\/IMG_20211027_113628-1024x575.jpg\" alt=\"\" width=\"451\" height=\"253\" srcset=\"https:\/\/agora.xtec.cat\/zer-mediterrania\/wp-content\/uploads\/usu2438\/2021\/11\/IMG_20211027_113628-1024x575.jpg 1024w, https:\/\/agora.xtec.cat\/zer-mediterrania\/wp-content\/uploads\/usu2438\/2021\/11\/IMG_20211027_113628-300x169.jpg 300w, https:\/\/agora.xtec.cat\/zer-mediterrania\/wp-content\/uploads\/usu2438\/2021\/11\/IMG_20211027_113628-768x431.jpg 768w, https:\/\/agora.xtec.cat\/zer-mediterrania\/wp-content\/uploads\/usu2438\/2021\/11\/IMG_20211027_113628-1536x863.jpg 1536w, https:\/\/agora.xtec.cat\/zer-mediterrania\/wp-content\/uploads\/usu2438\/2021\/11\/IMG_20211027_113628.jpg 1700w\" sizes=\"auto, (max-width: 451px) 100vw, 451px\" \/><\/p>\n<p>&nbsp;<\/p>\n<p>Se&#8217;ls explica pr\u00e8viament que anem a fer la celebraci\u00f3 de la vida del xiquet\/a en q\u00fcesti\u00f3, que l&#8217;espelma \u00e9s el Sol i que els raigs s\u00f3n els mesos de l&#8217;any i es llegeixen. A continuaci\u00f3 diem que la Terra, el planeta en qu\u00e8 vivim, gira al voltant del Sol, i que triga 1 any en donar una volta sencera.<br \/>\nAl\/la protagonista se li ofereix un globus terraq\u00fci i es col\u00b7loca just al davant del mes que va n\u00e9ixer i va comen\u00e7ar a cr\u00e9ixer. En aquest moment es mostra una fotografia del dia del naixement fent algun comentari sobre com era, la il\u00b7lusi\u00f3 que va portar a la seva fam\u00edlia,&#8230;<br \/>\nEl nen\/a comen\u00e7a a caminar al voltant del cercle perqu\u00e8 es va fent gran i quan arriba de nou al seu mes li expliquem que ha fet 1 any i es mostra de nou una foto d&#8217;aquell moment. I aix\u00ed es va repetint fins l&#8217;edat que tingui.<br \/>\nMentre dona voltes la resta li cantem una can\u00e7\u00f3 per acompanyar-lo i quan acaba totes les voltes li cantem la nostra can\u00e7\u00f3 especial d&#8217;aniversari i ja pot bufar l&#8217;espelma.<br \/>\nAbans o despr\u00e9s de fer aquest ritual, segons convingui, tamb\u00e9 fem un treball de tipologia textual que \u00e9s la not\u00edcia de l&#8217;aniversari.<br \/>\nEspero que m&#8217;hagi explicat b\u00e9. Aqu\u00ed us deixo les can\u00e7onetes que utilitzem. L&#8217;entonaci\u00f3 de la de l&#8217;aniversari \u00e9s la mateixa que la tradicional.<\/p>\n<p style=\"text-align: center\" align=\"center\"><strong>CAN\u00c7\u00d3 PER A DONAR LES VOLTES<\/strong><\/p>\n<p style=\"text-align: center\" align=\"center\">La Terra gira al voltant del Sol,<\/p>\n<p style=\"text-align: center\" align=\"center\">al voltant del Sol, al voltant del Sol<\/p>\n<p style=\"text-align: center\" align=\"center\">La Terra gira al voltant del Sol<\/p>\n<p style=\"text-align: center\" align=\"center\">i el (nom) fa (n\u00famero) anys.<\/p>\n<p style=\"text-align: center\" align=\"center\"><strong>CAN\u00c7\u00d3 D&#8217;ANIVERSARI<\/strong><\/p>\n<p style=\"text-align: center\">El temps passa volant,<\/p>\n<p style=\"text-align: center\">els petits es fan grans.<\/p>\n<p style=\"text-align: center\">Sembla ahir quan vas n\u00e9ixer<\/p>\n<p style=\"text-align: center\">i ara ja tens (n\u00famero) anys!<\/p>\n<p><strong>\u00a0<\/strong><\/p>\n<p style=\"text-align: center\"><strong>Podeu veure totes les fotos dels aniversaris celebrats clicant als enlla\u00e7os:<\/strong><\/p>\n<p style=\"text-align: center\"><a href=\"https:\/\/photos.app.goo.gl\/zTstQiHzDVVRCnRs9\">Aniversari Hasnae<\/a><\/p>\n<p style=\"text-align: center\"><a href=\"https:\/\/photos.app.goo.gl\/aVGoZ442kHYoYbLJ6\">Aniversari Amira<\/a><\/p>\n<p style=\"text-align: center\"><a href=\"https:\/\/photos.app.goo.gl\/nJgfehBy5UHXMss37\">Aniversari Ismael<\/a><\/p>\n<p style=\"text-align: center\"><a href=\"https:\/\/photos.app.goo.gl\/LU1wCC6ozB6JifG19\">Aniversari Roc<\/a><\/p>\n<p style=\"text-align: center\"><a href=\"https:\/\/photos.app.goo.gl\/oyZvJirtsaqorxSZ9\">Aniversari Retaj<\/a><\/p>\n<p style=\"text-align: center\"><a href=\"https:\/\/photos.app.goo.gl\/ZKQV4LFizzQt2i848\">Aniversari Jordi<\/a><\/p>\n<p style=\"text-align: center\"><a href=\"https:\/\/photos.app.goo.gl\/UfLUcgVBA7HwT9Bv6\">Aniversari Martina<\/a><\/p>\n<p style=\"text-align: center\"><a href=\"https:\/\/photos.app.goo.gl\/B6JiDwbTJo9hdVGy6\">Aniversari Bruno<\/a><\/p>\n<p style=\"text-align: center\"><a href=\"https:\/\/photos.app.goo.gl\/qnbyme3ZJ8tdPMUm6\">Aniversari Stifany<\/a><\/p>\n<p style=\"text-align: center\"><a href=\"https:\/\/photos.app.goo.gl\/A1tK6BWPXEqwSnsL7\">Aniversari Mar\u00e7al<\/a><\/p>\n<p style=\"text-align: center\"><a href=\"https:\/\/photos.app.goo.gl\/Q6FuKy6ocWDR62UQ8\">Aniversari Ian<\/a><\/p>\n<p style=\"text-align: center\"><a href=\"https:\/\/photos.app.goo.gl\/6jJVgFAp9hHEfvW8A\">Aniversari Lluna<\/a><\/p>\n<p style=\"text-align: center\"><a href=\"https:\/\/photos.app.goo.gl\/LUz3QhYVaPZkicBu7\">Aniversari Suhail<\/a><\/p>\n<p style=\"text-align: center\"><a href=\"https:\/\/photos.app.goo.gl\/iFmAiMcR8u9Yb2MC6\">Aniversari Adara<\/a><\/p>\n<p style=\"text-align: center\"><a href=\"https:\/\/photos.app.goo.gl\/n7qhW3SRezQaA8hcA\">Aniversari Laia<\/a><\/p>\n<p style=\"text-align: center\"><a href=\"https:\/\/photos.app.goo.gl\/XqCe5YVeWBDqbLPD6\">Aniversari Alex Jon i Maria<\/a><\/p>\n","protected":false},"excerpt":{"rendered":"<p>Un curs m\u00e9s, a l&#8217;aula de P4 i P5, celebrem els aniversaris seguint el ritual Montessori. A continuaci\u00f3 podeu veure en qu\u00e8 consisteix aquest ritual. Esperem que us agradi tant com a nosaltres! Al final d\u2019aquesta entrada teniu les fotos dels aniversaris celebrats. S\u2019aniran incloent les fotos de tots els aniversaris al llarg del curs. [&hellip;]<\/p>\n","protected":false},"author":19,"featured_media":2837,"comment_status":"closed","ping_status":"closed","sticky":false,"template":"","format":"standard","meta":{"_bbp_topic_count":0,"_bbp_reply_count":0,"_bbp_total_topic_count":0,"_bbp_total_reply_count":0,"_bbp_voice_count":0,"_bbp_anonymous_reply_count":0,"_bbp_topic_count_hidden":0,"_bbp_reply_count_hidden":0,"_bbp_forum_subforum_count":0,"site-sidebar-layout":"default","site-content-layout":"","ast-site-content-layout":"","site-content-style":"default","site-sidebar-style":"default","ast-global-header-display":"","ast-banner-title-visibility":"","ast-main-header-display":"","ast-hfb-above-header-display":"","ast-hfb-below-header-display":"","ast-hfb-mobile-header-display":"","site-post-title":"","ast-breadcrumbs-content":"","ast-featured-img":"","footer-sml-layout":"","theme-transparent-header-meta":"","adv-header-id-meta":"","stick-header-meta":"","header-above-stick-meta":"","header-main-stick-meta":"","header-below-stick-meta":"","astra-migrate-meta-layouts":"default","ast-page-background-enabled":"default","ast-page-background-meta":{"desktop":{"background-color":"var(--ast-global-color-4)","background-image":"","background-repeat":"repeat","background-position":"center center","background-size":"auto","background-attachment":"scroll","background-type":"","background-media":"","overlay-type":"","overlay-color":"","overlay-opacity":"","overlay-gradient":""},"tablet":{"background-color":"","background-image":"","background-repeat":"repeat","background-position":"center center","background-size":"auto","background-attachment":"scroll","background-type":"","background-media":"","overlay-type":"","overlay-color":"","overlay-opacity":"","overlay-gradient":""},"mobile":{"background-color":"","background-image":"","background-repeat":"repeat","background-position":"center center","background-size":"auto","background-attachment":"scroll","background-type":"","background-media":"","overlay-type":"","overlay-color":"","overlay-opacity":"","overlay-gradient":""}},"ast-content-background-meta":{"desktop":{"background-color":"var(--ast-global-color-5)","background-image":"","background-repeat":"repeat","background-position":"center center","background-size":"auto","background-attachment":"scroll","background-type":"","background-media":"","overlay-type":"","overlay-color":"","overlay-opacity":"","overlay-gradient":""},"tablet":{"background-color":"var(--ast-global-color-5)","background-image":"","background-repeat":"repeat","background-position":"center center","background-size":"auto","background-attachment":"scroll","background-type":"","background-media":"","overlay-type":"","overlay-color":"","overlay-opacity":"","overlay-gradient":""},"mobile":{"background-color":"var(--ast-global-color-5)","background-image":"","background-repeat":"repeat","background-position":"center center","background-size":"auto","background-attachment":"scroll","background-type":"","background-media":"","overlay-type":"","overlay-color":"","overlay-opacity":"","overlay-gradient":""}},"footnotes":""},"categories":[59,60],"tags":[219,128,173,172,182],"class_list":["post-2825","post","type-post","status-publish","format-standard","has-post-thumbnail","hentry","category-escola-marjal","category-i5-escola-marjal","tag-curs-22-23-marjal","tag-escolamarjal","tag-gen2017m","tag-gen2018m","tag-p4-p5-marjal"],"post_mailing_queue_ids":[],"_links":{"self":[{"href":"https:\/\/agora.xtec.cat\/zer-mediterrania\/wp-json\/wp\/v2\/posts\/2825","targetHints":{"allow":["GET"]}}],"collection":[{"href":"https:\/\/agora.xtec.cat\/zer-mediterrania\/wp-json\/wp\/v2\/posts"}],"about":[{"href":"https:\/\/agora.xtec.cat\/zer-mediterrania\/wp-json\/wp\/v2\/types\/post"}],"author":[{"embeddable":true,"href":"https:\/\/agora.xtec.cat\/zer-mediterrania\/wp-json\/wp\/v2\/users\/19"}],"replies":[{"embeddable":true,"href":"https:\/\/agora.xtec.cat\/zer-mediterrania\/wp-json\/wp\/v2\/comments?post=2825"}],"version-history":[{"count":2,"href":"https:\/\/agora.xtec.cat\/zer-mediterrania\/wp-json\/wp\/v2\/posts\/2825\/revisions"}],"predecessor-version":[{"id":3693,"href":"https:\/\/agora.xtec.cat\/zer-mediterrania\/wp-json\/wp\/v2\/posts\/2825\/revisions\/3693"}],"wp:featuredmedia":[{"embeddable":true,"href":"https:\/\/agora.xtec.cat\/zer-mediterrania\/wp-json\/wp\/v2\/media\/2837"}],"wp:attachment":[{"href":"https:\/\/agora.xtec.cat\/zer-mediterrania\/wp-json\/wp\/v2\/media?parent=2825"}],"wp:term":[{"taxonomy":"category","embeddable":true,"href":"https:\/\/agora.xtec.cat\/zer-mediterrania\/wp-json\/wp\/v2\/categories?post=2825"},{"taxonomy":"post_tag","embeddable":true,"href":"https:\/\/agora.xtec.cat\/zer-mediterrania\/wp-json\/wp\/v2\/tags?post=2825"}],"curies":[{"name":"wp","href":"https:\/\/api.w.org\/{rel}","templated":true}]}}