{"id":2727,"date":"2022-06-22T13:46:22","date_gmt":"2022-06-22T11:46:22","guid":{"rendered":"https:\/\/agora.xtec.cat\/zer-mediterrania\/?p=2727"},"modified":"2022-07-05T09:40:52","modified_gmt":"2022-07-05T07:40:52","slug":"festival-fi-de-curs-2021-2022-escola-setze-de-febrer","status":"publish","type":"post","link":"https:\/\/agora.xtec.cat\/zer-mediterrania\/general\/festival-fi-de-curs-2021-2022-escola-setze-de-febrer\/","title":{"rendered":"Festival fi de curs 2021-2022 Escola Setze de Febrer"},"content":{"rendered":"<p>Estimades fam\u00edlies,<\/p>\n<p>Aquest curs 2021-2022 ha estat diferent a all\u00f2 que estem acostumats. Encara hem estat al mig de la pand\u00e8mia, per\u00f2 poc a poc hem anat recuperant la normalitat escolar. Ens hem pogut juntar amb diferents grups, hem gaudit de sortides i el qu\u00e8 esperem des de fa quasi dos anys: Ens hem tret les mascaretes!!!<\/p>\n<p>No hi ha millor manera d&#8217;acomiadar el curs que amb un festival de m\u00fasica, o com heu pogut veure, un conjunt de teatre i can\u00e7ons que ens ha regalat tot l&#8217;alumnat de la nostra escola.<\/p>\n<p style=\"text-align: left;\">Hem interpretat el teatre de <strong><em>&#8220;Florinda la vaca pallassa&#8221;<\/em><\/strong>, i hem pogut gaudir de la preparaci\u00f3 i la interpretaci\u00f3 final de les seg\u00fcents can\u00e7ons:<\/p>\n<p style=\"text-align: center;\"><em>La granja d&#8217;en Mar\u00e7al &#8211; Jo vull ser pallassa &#8211; Salto la tanca &#8211; Avui no dormir\u00e9 &#8211; Mai m\u00e9s &#8211; Debut &#8211; Sigues feli\u00e7<\/em><\/p>\n<p>Despr\u00e9s hem escoltat el comiat que ens han preparat els m\u00e9s petits, amb la dita <em>&#8220;El curs s&#8217;ha acabat&#8221;<\/em><\/p>\n<p>&nbsp;<\/p>\n<p style=\"text-align: center;\"><em>Cliqueu a la imatge seg\u00fcent per veure un petit recull de fotos i v\u00eddeos de l&#8217;actuaci\u00f3 de fi de curs<\/em><\/p>\n<p><a href=\"https:\/\/photos.app.goo.gl\/crghMoCXDuhbC5aQA\"><img loading=\"lazy\" decoding=\"async\" class=\"aligncenter wp-image-2733\" src=\"https:\/\/agora.xtec.cat\/zer-mediterrania\/wp-content\/uploads\/usu2438\/2022\/06\/IMG_20220622_134106-scaled.jpg\" alt=\"\" width=\"466\" height=\"350\" srcset=\"https:\/\/agora.xtec.cat\/zer-mediterrania\/wp-content\/uploads\/usu2438\/2022\/06\/IMG_20220622_134106-scaled.jpg 2560w, https:\/\/agora.xtec.cat\/zer-mediterrania\/wp-content\/uploads\/usu2438\/2022\/06\/IMG_20220622_134106-300x225.jpg 300w, https:\/\/agora.xtec.cat\/zer-mediterrania\/wp-content\/uploads\/usu2438\/2022\/06\/IMG_20220622_134106-1024x768.jpg 1024w, https:\/\/agora.xtec.cat\/zer-mediterrania\/wp-content\/uploads\/usu2438\/2022\/06\/IMG_20220622_134106-768x576.jpg 768w, https:\/\/agora.xtec.cat\/zer-mediterrania\/wp-content\/uploads\/usu2438\/2022\/06\/IMG_20220622_134106-1536x1152.jpg 1536w, https:\/\/agora.xtec.cat\/zer-mediterrania\/wp-content\/uploads\/usu2438\/2022\/06\/IMG_20220622_134106-2048x1536.jpg 2048w, https:\/\/agora.xtec.cat\/zer-mediterrania\/wp-content\/uploads\/usu2438\/2022\/06\/IMG_20220622_134106-200x150.jpg 200w\" sizes=\"auto, (max-width: 466px) 100vw, 466px\" \/><\/a><\/p>\n","protected":false},"excerpt":{"rendered":"<p>Estimades fam\u00edlies, Aquest curs 2021-2022 ha estat diferent a all\u00f2 que estem acostumats. Encara hem estat al mig de la pand\u00e8mia, per\u00f2 poc a poc hem anat recuperant la normalitat escolar. Ens hem pogut juntar amb diferents grups, hem gaudit de sortides i el qu\u00e8 esperem des de fa quasi dos anys: Ens hem tret [&hellip;]<\/p>\n","protected":false},"author":1,"featured_media":2733,"comment_status":"closed","ping_status":"closed","sticky":false,"template":"","format":"standard","meta":{"_bbp_topic_count":0,"_bbp_reply_count":0,"_bbp_total_topic_count":0,"_bbp_total_reply_count":0,"_bbp_voice_count":0,"_bbp_anonymous_reply_count":0,"_bbp_topic_count_hidden":0,"_bbp_reply_count_hidden":0,"_bbp_forum_subforum_count":0,"site-sidebar-layout":"default","site-content-layout":"","ast-site-content-layout":"","site-content-style":"default","site-sidebar-style":"default","ast-global-header-display":"","ast-banner-title-visibility":"","ast-main-header-display":"","ast-hfb-above-header-display":"","ast-hfb-below-header-display":"","ast-hfb-mobile-header-display":"","site-post-title":"","ast-breadcrumbs-content":"","ast-featured-img":"","footer-sml-layout":"","theme-transparent-header-meta":"","adv-header-id-meta":"","stick-header-meta":"","header-above-stick-meta":"","header-main-stick-meta":"","header-below-stick-meta":"","astra-migrate-meta-layouts":"default","ast-page-background-enabled":"default","ast-page-background-meta":{"desktop":{"background-color":"var(--ast-global-color-4)","background-image":"","background-repeat":"repeat","background-position":"center center","background-size":"auto","background-attachment":"scroll","background-type":"","background-media":"","overlay-type":"","overlay-color":"","overlay-opacity":"","overlay-gradient":""},"tablet":{"background-color":"","background-image":"","background-repeat":"repeat","background-position":"center center","background-size":"auto","background-attachment":"scroll","background-type":"","background-media":"","overlay-type":"","overlay-color":"","overlay-opacity":"","overlay-gradient":""},"mobile":{"background-color":"","background-image":"","background-repeat":"repeat","background-position":"center center","background-size":"auto","background-attachment":"scroll","background-type":"","background-media":"","overlay-type":"","overlay-color":"","overlay-opacity":"","overlay-gradient":""}},"ast-content-background-meta":{"desktop":{"background-color":"var(--ast-global-color-5)","background-image":"","background-repeat":"repeat","background-position":"center center","background-size":"auto","background-attachment":"scroll","background-type":"","background-media":"","overlay-type":"","overlay-color":"","overlay-opacity":"","overlay-gradient":""},"tablet":{"background-color":"var(--ast-global-color-5)","background-image":"","background-repeat":"repeat","background-position":"center center","background-size":"auto","background-attachment":"scroll","background-type":"","background-media":"","overlay-type":"","overlay-color":"","overlay-opacity":"","overlay-gradient":""},"mobile":{"background-color":"var(--ast-global-color-5)","background-image":"","background-repeat":"repeat","background-position":"center center","background-size":"auto","background-attachment":"scroll","background-type":"","background-media":"","overlay-type":"","overlay-color":"","overlay-opacity":"","overlay-gradient":""}},"footnotes":""},"categories":[73,75,68,1,72],"tags":[185,156,147,151,150],"class_list":["post-2727","post","type-post","status-publish","format-standard","has-post-thumbnail","hentry","category-cm-16-febrer","category-cs-16-febrer","category-escola-16","category-general","category-inf-ci-16-febrer","tag-curs-21-22-16f","tag-escola-16f","tag-festival-16f","tag-fi-de-curs","tag-musica"],"post_mailing_queue_ids":[],"_links":{"self":[{"href":"https:\/\/agora.xtec.cat\/zer-mediterrania\/wp-json\/wp\/v2\/posts\/2727","targetHints":{"allow":["GET"]}}],"collection":[{"href":"https:\/\/agora.xtec.cat\/zer-mediterrania\/wp-json\/wp\/v2\/posts"}],"about":[{"href":"https:\/\/agora.xtec.cat\/zer-mediterrania\/wp-json\/wp\/v2\/types\/post"}],"author":[{"embeddable":true,"href":"https:\/\/agora.xtec.cat\/zer-mediterrania\/wp-json\/wp\/v2\/users\/1"}],"replies":[{"embeddable":true,"href":"https:\/\/agora.xtec.cat\/zer-mediterrania\/wp-json\/wp\/v2\/comments?post=2727"}],"version-history":[{"count":3,"href":"https:\/\/agora.xtec.cat\/zer-mediterrania\/wp-json\/wp\/v2\/posts\/2727\/revisions"}],"predecessor-version":[{"id":2758,"href":"https:\/\/agora.xtec.cat\/zer-mediterrania\/wp-json\/wp\/v2\/posts\/2727\/revisions\/2758"}],"wp:featuredmedia":[{"embeddable":true,"href":"https:\/\/agora.xtec.cat\/zer-mediterrania\/wp-json\/wp\/v2\/media\/2733"}],"wp:attachment":[{"href":"https:\/\/agora.xtec.cat\/zer-mediterrania\/wp-json\/wp\/v2\/media?parent=2727"}],"wp:term":[{"taxonomy":"category","embeddable":true,"href":"https:\/\/agora.xtec.cat\/zer-mediterrania\/wp-json\/wp\/v2\/categories?post=2727"},{"taxonomy":"post_tag","embeddable":true,"href":"https:\/\/agora.xtec.cat\/zer-mediterrania\/wp-json\/wp\/v2\/tags?post=2727"}],"curies":[{"name":"wp","href":"https:\/\/api.w.org\/{rel}","templated":true}]}}