{"id":2712,"date":"2022-06-16T14:23:52","date_gmt":"2022-06-16T12:23:52","guid":{"rendered":"https:\/\/agora.xtec.cat\/zer-mediterrania\/?p=2712"},"modified":"2024-10-18T10:43:58","modified_gmt":"2024-10-18T08:43:58","slug":"eleccions-a-lescola-marjal-2022","status":"publish","type":"post","link":"https:\/\/agora.xtec.cat\/zer-mediterrania\/escola-marjal\/eleccions-a-lescola-marjal-2022\/","title":{"rendered":"Eleccions a l&#8217;escola Marjal 2022"},"content":{"rendered":"<p>Des de principis d&#8217;aquest tercer trimestre l&#8217;alumnat de 6\u00e8 ha estat preparant una simulaci\u00f3 d&#8217;eleccions, dintre del projecte anomenat Democr\u00e0cia. Els 23 alumnes s&#8217;han dividit en quatre grups i aix\u00ed han sorgit 4 partits pol\u00edtics diferents. Un cop fet aquest pas han tingut de posar-se d&#8217;acord amb: nom i sigles del partit, color que els identificar\u00e0, logotip, propostes i odre dels candidats.<\/p>\n<p>Dijous 16 de juny ha estat la data senyalada per portar a terme les eleccions 2022 a l&#8217;escola Marjal. Els diferents grups han realitzat un <em>meeting<\/em> explicant les seves propostes a tots els membres electors: alumnat de 4t, 5\u00e8 i 6\u00e8, mestres i com no dos invitats de luxe: Maribel Ramon, regidora d&#8217;educaci\u00f3 d&#8217;Alcanar i Joan Roig, alcalde d&#8217;Alcanar i president del Consell Comarcal del Montsi\u00e0.<\/p>\n<p>Un cop finalitzades les explicacions, ha arribat el moment de votar i el desitjat recompte de vots. Maribel, Joan i Joel, el tutor de 6\u00e8, han estat els encarregats de realitzar-lo. Els resultats han estat els seg\u00fcents:<\/p>\n<p style=\"text-align: center;\"><a href=\"https:\/\/agora.xtec.cat\/zer-mediterrania\/wp-content\/uploads\/usu2438\/2022\/06\/dades-2.jpg\"><img loading=\"lazy\" decoding=\"async\" class=\"alignnone size-full wp-image-2720\" src=\"https:\/\/agora.xtec.cat\/zer-mediterrania\/wp-content\/uploads\/usu2438\/2022\/06\/dades-2.jpg\" alt=\"\" width=\"490\" height=\"297\" srcset=\"https:\/\/agora.xtec.cat\/zer-mediterrania\/wp-content\/uploads\/usu2438\/2022\/06\/dades-2.jpg 490w, https:\/\/agora.xtec.cat\/zer-mediterrania\/wp-content\/uploads\/usu2438\/2022\/06\/dades-2-300x182.jpg 300w\" sizes=\"auto, (max-width: 490px) 100vw, 490px\" \/><\/a><\/p>\n<p>&nbsp;<\/p>\n<p><a href=\"https:\/\/agora.xtec.cat\/zer-mediterrania\/wp-content\/uploads\/usu2438\/2022\/06\/grafic.jpg\"><img loading=\"lazy\" decoding=\"async\" class=\"wp-image-2715 aligncenter\" src=\"https:\/\/agora.xtec.cat\/zer-mediterrania\/wp-content\/uploads\/usu2438\/2022\/06\/grafic.jpg\" alt=\"\" width=\"673\" height=\"361\" srcset=\"https:\/\/agora.xtec.cat\/zer-mediterrania\/wp-content\/uploads\/usu2438\/2022\/06\/grafic.jpg 676w, https:\/\/agora.xtec.cat\/zer-mediterrania\/wp-content\/uploads\/usu2438\/2022\/06\/grafic-300x161.jpg 300w\" sizes=\"auto, (max-width: 673px) 100vw, 673px\" \/><\/a><\/p>\n<p>&nbsp;<\/p>\n<p>Posteriorment tant la regidora d&#8217;educaci\u00f3 com l&#8217;alcalde han realitzat l&#8217;an\u00e0lisi dels resultats electorals, aix\u00ed com els dubtes sorgits entre els infants sobre qu\u00e8 passa un cop finalitzat el recompte amb unes dades tant similars. Doncs, s&#8217;ha tingut de pactar entre els diferents grups.<\/p>\n<p>Finalment han arribat a un consens els partits PECU i PAE, han estat els vencedors d&#8217;aquestes eleccions. S&#8217;han posat d&#8217;acord amb els membres del nou equip de govern (els tres primers de cada partit). A m\u00e9s a m\u00e9s han redactat quines propostes s\u00f3n les que realitzaran en el proper mandat, aquestes s\u00f3n una barreja de les proposades durant les eleccions pels dos partits, seguidament les podeu veure. MOLTES FELICITATS!<\/p>\n<p>&nbsp;<\/p>\n<p><a href=\"https:\/\/agora.xtec.cat\/zer-mediterrania\/wp-content\/uploads\/usu2438\/2022\/06\/PROGRAMA-FINAL-2.jpg\"><img loading=\"lazy\" decoding=\"async\" class=\"wp-image-2718 aligncenter\" src=\"https:\/\/agora.xtec.cat\/zer-mediterrania\/wp-content\/uploads\/usu2438\/2022\/06\/PROGRAMA-FINAL-2-1024x727.jpg\" alt=\"\" width=\"609\" height=\"432\" srcset=\"https:\/\/agora.xtec.cat\/zer-mediterrania\/wp-content\/uploads\/usu2438\/2022\/06\/PROGRAMA-FINAL-2-1024x727.jpg 1024w, https:\/\/agora.xtec.cat\/zer-mediterrania\/wp-content\/uploads\/usu2438\/2022\/06\/PROGRAMA-FINAL-2-300x213.jpg 300w, https:\/\/agora.xtec.cat\/zer-mediterrania\/wp-content\/uploads\/usu2438\/2022\/06\/PROGRAMA-FINAL-2-768x545.jpg 768w, https:\/\/agora.xtec.cat\/zer-mediterrania\/wp-content\/uploads\/usu2438\/2022\/06\/PROGRAMA-FINAL-2.jpg 1117w\" sizes=\"auto, (max-width: 609px) 100vw, 609px\" \/><\/a><\/p>\n<p><a href=\"https:\/\/agora.xtec.cat\/zer-mediterrania\/wp-content\/uploads\/usu2438\/2022\/06\/PROGRAMA-FINAL-1.jpg\"><img loading=\"lazy\" decoding=\"async\" class=\"wp-image-2716 aligncenter\" src=\"https:\/\/agora.xtec.cat\/zer-mediterrania\/wp-content\/uploads\/usu2438\/2022\/06\/PROGRAMA-FINAL-1-1024x727.jpg\" alt=\"\" width=\"693\" height=\"492\" srcset=\"https:\/\/agora.xtec.cat\/zer-mediterrania\/wp-content\/uploads\/usu2438\/2022\/06\/PROGRAMA-FINAL-1-1024x727.jpg 1024w, https:\/\/agora.xtec.cat\/zer-mediterrania\/wp-content\/uploads\/usu2438\/2022\/06\/PROGRAMA-FINAL-1-300x213.jpg 300w, https:\/\/agora.xtec.cat\/zer-mediterrania\/wp-content\/uploads\/usu2438\/2022\/06\/PROGRAMA-FINAL-1-768x545.jpg 768w, https:\/\/agora.xtec.cat\/zer-mediterrania\/wp-content\/uploads\/usu2438\/2022\/06\/PROGRAMA-FINAL-1.jpg 1117w\" sizes=\"auto, (max-width: 693px) 100vw, 693px\" \/><\/a><\/p>\n<p>Tot i els resultats, sempre ha d&#8217;haver algun vencedor, els aut\u00e8ntics guanyadors \u00e9s tot l&#8217;alumnat de 6\u00e8. Felicitats per la feina feta. Agrair tamb\u00e9 la col\u00b7laboraci\u00f3 de l&#8217;alumnat de 4t i 5\u00e8, aix\u00ed com als mestres de l&#8217;escola Marjal, i com no a Maribel i Joan per poder venir en aquesta simulaci\u00f3. GR\u00c0CIES A TOTS!<\/p>\n<p>Podeu veure alguna fotos clicant a la imatge:<\/p>\n<p><a href=\"https:\/\/photos.app.goo.gl\/p4Sc17c19vKLneaf9\"><img loading=\"lazy\" decoding=\"async\" class=\"wp-image-2721 aligncenter\" src=\"https:\/\/agora.xtec.cat\/zer-mediterrania\/wp-content\/uploads\/usu2438\/2022\/06\/IMG_3189.jpg\" alt=\"\" width=\"649\" height=\"487\" srcset=\"https:\/\/agora.xtec.cat\/zer-mediterrania\/wp-content\/uploads\/usu2438\/2022\/06\/IMG_3189.jpg 807w, https:\/\/agora.xtec.cat\/zer-mediterrania\/wp-content\/uploads\/usu2438\/2022\/06\/IMG_3189-300x225.jpg 300w, https:\/\/agora.xtec.cat\/zer-mediterrania\/wp-content\/uploads\/usu2438\/2022\/06\/IMG_3189-768x576.jpg 768w, https:\/\/agora.xtec.cat\/zer-mediterrania\/wp-content\/uploads\/usu2438\/2022\/06\/IMG_3189-200x150.jpg 200w\" sizes=\"auto, (max-width: 649px) 100vw, 649px\" \/><\/a><\/p>\n","protected":false},"excerpt":{"rendered":"<p>Des de principis d&#8217;aquest tercer trimestre l&#8217;alumnat de 6\u00e8 ha estat preparant una simulaci\u00f3 d&#8217;eleccions, dintre del projecte anomenat Democr\u00e0cia. Els 23 alumnes s&#8217;han dividit en quatre grups i aix\u00ed han sorgit 4 partits pol\u00edtics diferents. Un cop fet aquest pas han tingut de posar-se d&#8217;acord amb: nom i sigles del partit, color que els [&hellip;]<\/p>\n","protected":false},"author":12,"featured_media":2713,"comment_status":"closed","ping_status":"closed","sticky":false,"template":"","format":"standard","meta":{"_bbp_topic_count":0,"_bbp_reply_count":0,"_bbp_total_topic_count":0,"_bbp_total_reply_count":0,"_bbp_voice_count":0,"_bbp_anonymous_reply_count":0,"_bbp_topic_count_hidden":0,"_bbp_reply_count_hidden":0,"_bbp_forum_subforum_count":0,"site-sidebar-layout":"default","site-content-layout":"","ast-site-content-layout":"","site-content-style":"default","site-sidebar-style":"default","ast-global-header-display":"","ast-banner-title-visibility":"","ast-main-header-display":"","ast-hfb-above-header-display":"","ast-hfb-below-header-display":"","ast-hfb-mobile-header-display":"","site-post-title":"","ast-breadcrumbs-content":"","ast-featured-img":"","footer-sml-layout":"","theme-transparent-header-meta":"","adv-header-id-meta":"","stick-header-meta":"","header-above-stick-meta":"","header-main-stick-meta":"","header-below-stick-meta":"","astra-migrate-meta-layouts":"default","ast-page-background-enabled":"default","ast-page-background-meta":{"desktop":{"background-color":"var(--ast-global-color-4)","background-image":"","background-repeat":"repeat","background-position":"center center","background-size":"auto","background-attachment":"scroll","background-type":"","background-media":"","overlay-type":"","overlay-color":"","overlay-opacity":"","overlay-gradient":""},"tablet":{"background-color":"","background-image":"","background-repeat":"repeat","background-position":"center center","background-size":"auto","background-attachment":"scroll","background-type":"","background-media":"","overlay-type":"","overlay-color":"","overlay-opacity":"","overlay-gradient":""},"mobile":{"background-color":"","background-image":"","background-repeat":"repeat","background-position":"center center","background-size":"auto","background-attachment":"scroll","background-type":"","background-media":"","overlay-type":"","overlay-color":"","overlay-opacity":"","overlay-gradient":""}},"ast-content-background-meta":{"desktop":{"background-color":"var(--ast-global-color-5)","background-image":"","background-repeat":"repeat","background-position":"center center","background-size":"auto","background-attachment":"scroll","background-type":"","background-media":"","overlay-type":"","overlay-color":"","overlay-opacity":"","overlay-gradient":""},"tablet":{"background-color":"var(--ast-global-color-5)","background-image":"","background-repeat":"repeat","background-position":"center center","background-size":"auto","background-attachment":"scroll","background-type":"","background-media":"","overlay-type":"","overlay-color":"","overlay-opacity":"","overlay-gradient":""},"mobile":{"background-color":"var(--ast-global-color-5)","background-image":"","background-repeat":"repeat","background-position":"center center","background-size":"auto","background-attachment":"scroll","background-type":"","background-media":"","overlay-type":"","overlay-color":"","overlay-opacity":"","overlay-gradient":""}},"footnotes":""},"categories":[279,280,66,67,59],"tags":[154,162,128,180],"class_list":["post-2712","post","type-post","status-publish","format-standard","has-post-thumbnail","hentry","category-3r-marjal","category-4rt-marjal","category-5e-escola-marjal","category-6e-escola-marjal","category-escola-marjal","tag-6e-marjal","tag-curs-21-22-marjal","tag-escolamarjal","tag-gen2010m"],"post_mailing_queue_ids":[],"_links":{"self":[{"href":"https:\/\/agora.xtec.cat\/zer-mediterrania\/wp-json\/wp\/v2\/posts\/2712","targetHints":{"allow":["GET"]}}],"collection":[{"href":"https:\/\/agora.xtec.cat\/zer-mediterrania\/wp-json\/wp\/v2\/posts"}],"about":[{"href":"https:\/\/agora.xtec.cat\/zer-mediterrania\/wp-json\/wp\/v2\/types\/post"}],"author":[{"embeddable":true,"href":"https:\/\/agora.xtec.cat\/zer-mediterrania\/wp-json\/wp\/v2\/users\/12"}],"replies":[{"embeddable":true,"href":"https:\/\/agora.xtec.cat\/zer-mediterrania\/wp-json\/wp\/v2\/comments?post=2712"}],"version-history":[{"count":2,"href":"https:\/\/agora.xtec.cat\/zer-mediterrania\/wp-json\/wp\/v2\/posts\/2712\/revisions"}],"predecessor-version":[{"id":2812,"href":"https:\/\/agora.xtec.cat\/zer-mediterrania\/wp-json\/wp\/v2\/posts\/2712\/revisions\/2812"}],"wp:featuredmedia":[{"embeddable":true,"href":"https:\/\/agora.xtec.cat\/zer-mediterrania\/wp-json\/wp\/v2\/media\/2713"}],"wp:attachment":[{"href":"https:\/\/agora.xtec.cat\/zer-mediterrania\/wp-json\/wp\/v2\/media?parent=2712"}],"wp:term":[{"taxonomy":"category","embeddable":true,"href":"https:\/\/agora.xtec.cat\/zer-mediterrania\/wp-json\/wp\/v2\/categories?post=2712"},{"taxonomy":"post_tag","embeddable":true,"href":"https:\/\/agora.xtec.cat\/zer-mediterrania\/wp-json\/wp\/v2\/tags?post=2712"}],"curies":[{"name":"wp","href":"https:\/\/api.w.org\/{rel}","templated":true}]}}