{"id":1435,"date":"2021-06-18T16:05:51","date_gmt":"2021-06-18T14:05:51","guid":{"rendered":"https:\/\/agora.xtec.cat\/zer-mediterrania\/?p=1435"},"modified":"2024-10-18T11:28:26","modified_gmt":"2024-10-18T09:28:26","slug":"noa-valls-finalista-a-nivell-de-catalunya","status":"publish","type":"post","link":"https:\/\/agora.xtec.cat\/zer-mediterrania\/portada\/noa-valls-finalista-a-nivell-de-catalunya\/","title":{"rendered":"Noa Valls, finalista a nivell de Catalunya!"},"content":{"rendered":"<p>L&#8217;alumna Noa Valls Jovani ha estat finalista del Premi Sambori <strong>a nivell de Catalunya<\/strong> en la categoria de Cicle Mitj\u00e0. Ha aconseguit el 3r premi!<\/p>\n<p>Dolors Roo, presidenta d&#8217;\u00d2mnium, li ha fet entrega del diploma i del guard\u00f3 avui a l&#8217;Escola Marjal en pres\u00e8ncia de la directora de l&#8217;escola S\u00f2nia Reverter i el seu tutor Vicent Pallar\u00e9s.<\/p>\n<p>Moltes felicitats Noa!<\/p>\n<p>&nbsp;<\/p>\n<p><img loading=\"lazy\" decoding=\"async\" class=\"alignnone wp-image-1436\" src=\"https:\/\/agora.xtec.cat\/zer-mediterrania\/wp-content\/uploads\/usu2438\/2021\/06\/WhatsApp-Image-2021-06-18-at-15.35.53-1024x768.jpeg\" alt=\"\" width=\"500\" height=\"375\" srcset=\"https:\/\/agora.xtec.cat\/zer-mediterrania\/wp-content\/uploads\/usu2438\/2021\/06\/WhatsApp-Image-2021-06-18-at-15.35.53-1024x768.jpeg 1024w, https:\/\/agora.xtec.cat\/zer-mediterrania\/wp-content\/uploads\/usu2438\/2021\/06\/WhatsApp-Image-2021-06-18-at-15.35.53-300x225.jpeg 300w, https:\/\/agora.xtec.cat\/zer-mediterrania\/wp-content\/uploads\/usu2438\/2021\/06\/WhatsApp-Image-2021-06-18-at-15.35.53-768x576.jpeg 768w, https:\/\/agora.xtec.cat\/zer-mediterrania\/wp-content\/uploads\/usu2438\/2021\/06\/WhatsApp-Image-2021-06-18-at-15.35.53-200x150.jpeg 200w, https:\/\/agora.xtec.cat\/zer-mediterrania\/wp-content\/uploads\/usu2438\/2021\/06\/WhatsApp-Image-2021-06-18-at-15.35.53.jpeg 2048w\" sizes=\"auto, (max-width: 500px) 100vw, 500px\" \/> <img loading=\"lazy\" decoding=\"async\" class=\"alignnone wp-image-1437\" src=\"https:\/\/agora.xtec.cat\/zer-mediterrania\/wp-content\/uploads\/usu2438\/2021\/06\/WhatsApp-Image-2021-06-18-at-15.36.35-2-1024x768.jpeg\" alt=\"\" width=\"499\" height=\"374\" srcset=\"https:\/\/agora.xtec.cat\/zer-mediterrania\/wp-content\/uploads\/usu2438\/2021\/06\/WhatsApp-Image-2021-06-18-at-15.36.35-2-1024x768.jpeg 1024w, https:\/\/agora.xtec.cat\/zer-mediterrania\/wp-content\/uploads\/usu2438\/2021\/06\/WhatsApp-Image-2021-06-18-at-15.36.35-2-300x225.jpeg 300w, https:\/\/agora.xtec.cat\/zer-mediterrania\/wp-content\/uploads\/usu2438\/2021\/06\/WhatsApp-Image-2021-06-18-at-15.36.35-2-768x576.jpeg 768w, https:\/\/agora.xtec.cat\/zer-mediterrania\/wp-content\/uploads\/usu2438\/2021\/06\/WhatsApp-Image-2021-06-18-at-15.36.35-2-200x150.jpeg 200w, https:\/\/agora.xtec.cat\/zer-mediterrania\/wp-content\/uploads\/usu2438\/2021\/06\/WhatsApp-Image-2021-06-18-at-15.36.35-2.jpeg 2048w\" sizes=\"auto, (max-width: 499px) 100vw, 499px\" \/> <img loading=\"lazy\" decoding=\"async\" class=\"alignnone wp-image-1438\" src=\"https:\/\/agora.xtec.cat\/zer-mediterrania\/wp-content\/uploads\/usu2438\/2021\/06\/WhatsApp-Image-2021-06-18-at-15.36.35-1024x768.jpeg\" alt=\"\" width=\"502\" height=\"377\" srcset=\"https:\/\/agora.xtec.cat\/zer-mediterrania\/wp-content\/uploads\/usu2438\/2021\/06\/WhatsApp-Image-2021-06-18-at-15.36.35-1024x768.jpeg 1024w, https:\/\/agora.xtec.cat\/zer-mediterrania\/wp-content\/uploads\/usu2438\/2021\/06\/WhatsApp-Image-2021-06-18-at-15.36.35-300x225.jpeg 300w, https:\/\/agora.xtec.cat\/zer-mediterrania\/wp-content\/uploads\/usu2438\/2021\/06\/WhatsApp-Image-2021-06-18-at-15.36.35-768x576.jpeg 768w, https:\/\/agora.xtec.cat\/zer-mediterrania\/wp-content\/uploads\/usu2438\/2021\/06\/WhatsApp-Image-2021-06-18-at-15.36.35-200x150.jpeg 200w, https:\/\/agora.xtec.cat\/zer-mediterrania\/wp-content\/uploads\/usu2438\/2021\/06\/WhatsApp-Image-2021-06-18-at-15.36.35.jpeg 1288w\" sizes=\"auto, (max-width: 502px) 100vw, 502px\" \/> <img loading=\"lazy\" decoding=\"async\" class=\"alignnone wp-image-1439\" src=\"https:\/\/agora.xtec.cat\/zer-mediterrania\/wp-content\/uploads\/usu2438\/2021\/06\/WhatsApp-Image-2021-06-18-at-15.58.54-1024x768.jpeg\" alt=\"\" width=\"503\" height=\"377\" srcset=\"https:\/\/agora.xtec.cat\/zer-mediterrania\/wp-content\/uploads\/usu2438\/2021\/06\/WhatsApp-Image-2021-06-18-at-15.58.54-1024x768.jpeg 1024w, https:\/\/agora.xtec.cat\/zer-mediterrania\/wp-content\/uploads\/usu2438\/2021\/06\/WhatsApp-Image-2021-06-18-at-15.58.54-300x225.jpeg 300w, https:\/\/agora.xtec.cat\/zer-mediterrania\/wp-content\/uploads\/usu2438\/2021\/06\/WhatsApp-Image-2021-06-18-at-15.58.54-768x576.jpeg 768w, https:\/\/agora.xtec.cat\/zer-mediterrania\/wp-content\/uploads\/usu2438\/2021\/06\/WhatsApp-Image-2021-06-18-at-15.58.54-200x150.jpeg 200w, https:\/\/agora.xtec.cat\/zer-mediterrania\/wp-content\/uploads\/usu2438\/2021\/06\/WhatsApp-Image-2021-06-18-at-15.58.54.jpeg 1600w\" sizes=\"auto, (max-width: 503px) 100vw, 503px\" \/><img loading=\"lazy\" decoding=\"async\" class=\" wp-image-1440 aligncenter\" src=\"https:\/\/agora.xtec.cat\/zer-mediterrania\/wp-content\/uploads\/usu2438\/2021\/06\/WhatsApp-Image-2021-06-18-at-15.36.36-768x1024.jpeg\" alt=\"\" width=\"353\" height=\"470\" srcset=\"https:\/\/agora.xtec.cat\/zer-mediterrania\/wp-content\/uploads\/usu2438\/2021\/06\/WhatsApp-Image-2021-06-18-at-15.36.36-768x1024.jpeg 768w, https:\/\/agora.xtec.cat\/zer-mediterrania\/wp-content\/uploads\/usu2438\/2021\/06\/WhatsApp-Image-2021-06-18-at-15.36.36-225x300.jpeg 225w, https:\/\/agora.xtec.cat\/zer-mediterrania\/wp-content\/uploads\/usu2438\/2021\/06\/WhatsApp-Image-2021-06-18-at-15.36.36.jpeg 1536w\" sizes=\"auto, (max-width: 353px) 100vw, 353px\" \/><\/p>\n","protected":false},"excerpt":{"rendered":"<p>L&#8217;alumna Noa Valls Jovani ha estat finalista del Premi Sambori a nivell de Catalunya en la categoria de Cicle Mitj\u00e0. Ha aconseguit el 3r premi! Dolors Roo, presidenta d&#8217;\u00d2mnium, li ha fet entrega del diploma i del guard\u00f3 avui a l&#8217;Escola Marjal en pres\u00e8ncia de la directora de l&#8217;escola S\u00f2nia Reverter i el seu tutor [&hellip;]<\/p>\n","protected":false},"author":1,"featured_media":1443,"comment_status":"closed","ping_status":"closed","sticky":false,"template":"","format":"standard","meta":{"_bbp_topic_count":0,"_bbp_reply_count":0,"_bbp_total_topic_count":0,"_bbp_total_reply_count":0,"_bbp_voice_count":0,"_bbp_anonymous_reply_count":0,"_bbp_topic_count_hidden":0,"_bbp_reply_count_hidden":0,"_bbp_forum_subforum_count":0,"site-sidebar-layout":"default","site-content-layout":"","ast-site-content-layout":"","site-content-style":"default","site-sidebar-style":"default","ast-global-header-display":"","ast-banner-title-visibility":"","ast-main-header-display":"","ast-hfb-above-header-display":"","ast-hfb-below-header-display":"","ast-hfb-mobile-header-display":"","site-post-title":"","ast-breadcrumbs-content":"","ast-featured-img":"","footer-sml-layout":"","theme-transparent-header-meta":"","adv-header-id-meta":"","stick-header-meta":"","header-above-stick-meta":"","header-main-stick-meta":"","header-below-stick-meta":"","astra-migrate-meta-layouts":"default","ast-page-background-enabled":"default","ast-page-background-meta":{"desktop":{"background-color":"var(--ast-global-color-4)","background-image":"","background-repeat":"repeat","background-position":"center center","background-size":"auto","background-attachment":"scroll","background-type":"","background-media":"","overlay-type":"","overlay-color":"","overlay-opacity":"","overlay-gradient":""},"tablet":{"background-color":"","background-image":"","background-repeat":"repeat","background-position":"center center","background-size":"auto","background-attachment":"scroll","background-type":"","background-media":"","overlay-type":"","overlay-color":"","overlay-opacity":"","overlay-gradient":""},"mobile":{"background-color":"","background-image":"","background-repeat":"repeat","background-position":"center center","background-size":"auto","background-attachment":"scroll","background-type":"","background-media":"","overlay-type":"","overlay-color":"","overlay-opacity":"","overlay-gradient":""}},"ast-content-background-meta":{"desktop":{"background-color":"var(--ast-global-color-5)","background-image":"","background-repeat":"repeat","background-position":"center center","background-size":"auto","background-attachment":"scroll","background-type":"","background-media":"","overlay-type":"","overlay-color":"","overlay-opacity":"","overlay-gradient":""},"tablet":{"background-color":"var(--ast-global-color-5)","background-image":"","background-repeat":"repeat","background-position":"center center","background-size":"auto","background-attachment":"scroll","background-type":"","background-media":"","overlay-type":"","overlay-color":"","overlay-opacity":"","overlay-gradient":""},"mobile":{"background-color":"var(--ast-global-color-5)","background-image":"","background-repeat":"repeat","background-position":"center center","background-size":"auto","background-attachment":"scroll","background-type":"","background-media":"","overlay-type":"","overlay-color":"","overlay-opacity":"","overlay-gradient":""}},"footnotes":""},"categories":[279,280,59,29],"tags":[132,139,179,127],"class_list":["post-1435","post","type-post","status-publish","format-standard","has-post-thumbnail","hentry","category-3r-marjal","category-4rt-marjal","category-escola-marjal","category-portada","tag-cicle-mitja-marjal","tag-curs-20-21-marjal","tag-gen2011m","tag-sambori"],"post_mailing_queue_ids":[],"_links":{"self":[{"href":"https:\/\/agora.xtec.cat\/zer-mediterrania\/wp-json\/wp\/v2\/posts\/1435","targetHints":{"allow":["GET"]}}],"collection":[{"href":"https:\/\/agora.xtec.cat\/zer-mediterrania\/wp-json\/wp\/v2\/posts"}],"about":[{"href":"https:\/\/agora.xtec.cat\/zer-mediterrania\/wp-json\/wp\/v2\/types\/post"}],"author":[{"embeddable":true,"href":"https:\/\/agora.xtec.cat\/zer-mediterrania\/wp-json\/wp\/v2\/users\/1"}],"replies":[{"embeddable":true,"href":"https:\/\/agora.xtec.cat\/zer-mediterrania\/wp-json\/wp\/v2\/comments?post=1435"}],"version-history":[{"count":3,"href":"https:\/\/agora.xtec.cat\/zer-mediterrania\/wp-json\/wp\/v2\/posts\/1435\/revisions"}],"predecessor-version":[{"id":1444,"href":"https:\/\/agora.xtec.cat\/zer-mediterrania\/wp-json\/wp\/v2\/posts\/1435\/revisions\/1444"}],"wp:featuredmedia":[{"embeddable":true,"href":"https:\/\/agora.xtec.cat\/zer-mediterrania\/wp-json\/wp\/v2\/media\/1443"}],"wp:attachment":[{"href":"https:\/\/agora.xtec.cat\/zer-mediterrania\/wp-json\/wp\/v2\/media?parent=1435"}],"wp:term":[{"taxonomy":"category","embeddable":true,"href":"https:\/\/agora.xtec.cat\/zer-mediterrania\/wp-json\/wp\/v2\/categories?post=1435"},{"taxonomy":"post_tag","embeddable":true,"href":"https:\/\/agora.xtec.cat\/zer-mediterrania\/wp-json\/wp\/v2\/tags?post=1435"}],"curies":[{"name":"wp","href":"https:\/\/api.w.org\/{rel}","templated":true}]}}