{"id":986,"date":"2019-11-20T11:02:02","date_gmt":"2019-11-20T10:02:02","guid":{"rendered":"http:\/\/agora.xtec.cat\/zer-les-salines\/?p=986"},"modified":"2020-02-12T09:38:16","modified_gmt":"2020-02-12T08:38:16","slug":"fem-un-cim-montserrat","status":"publish","type":"post","link":"https:\/\/agora.xtec.cat\/zer-les-salines\/portada\/fem-un-cim-montserrat\/","title":{"rendered":"Fem un cim: Montserrat"},"content":{"rendered":"<p>Benvolguts i benvolgudes,<\/p>\n<p>El passat 8 de novembre amb els alumnes de 4t, 5\u00e8 i 6\u00e8 vam anar a Montserrat per fer el cim de Sant Jeroni.<\/p>\n<p>Aquest curs vam poder pujar pel funicular de Sant Joan i comen\u00e7ar a caminar des del Pla de les Tar\u00e0ntules. A m\u00e9s a m\u00e9s, tamb\u00e9 vam poder trobar un geocaching i vam tenir temps de visitar l&#8217;interior del Monestir de Montserrat.<\/p>\n<p>Malgrat el fred, vam gaudir d&#8217;una bona caminada i d&#8217;un paisatge magn\u00edfic.<\/p>\n<p><sub>Si feu clic a la imatge, podreu visualitzar les fotografies de la sortida.<\/sub><\/p>\n<p><a href=\"https:\/\/photos.app.goo.gl\/Lw6yFJBbyPFPgJg3A\"><img loading=\"lazy\" decoding=\"async\" class=\"aligncenter wp-image-987 size-thumbnail\" src=\"https:\/\/agora.xtec.cat\/zer-les-salines\/wp-content\/uploads\/usu1080\/2019\/11\/Insi\u0301gnia-Montserrat-150x150.png\" alt=\"\" width=\"150\" height=\"150\" srcset=\"https:\/\/agora.xtec.cat\/zer-les-salines\/wp-content\/uploads\/usu1080\/2019\/11\/Insi\u0301gnia-Montserrat-150x150.png 150w, https:\/\/agora.xtec.cat\/zer-les-salines\/wp-content\/uploads\/usu1080\/2019\/11\/Insi\u0301gnia-Montserrat-300x300.png 300w, https:\/\/agora.xtec.cat\/zer-les-salines\/wp-content\/uploads\/usu1080\/2019\/11\/Insi\u0301gnia-Montserrat-768x768.png 768w, https:\/\/agora.xtec.cat\/zer-les-salines\/wp-content\/uploads\/usu1080\/2019\/11\/Insi\u0301gnia-Montserrat.png 908w\" sizes=\"auto, (max-width: 150px) 100vw, 150px\" \/><\/a><\/p>\n<p>&nbsp;<\/p>\n","protected":false},"excerpt":{"rendered":"<p>Sortida Fem un Cim! &#8211; 8\/11\/2019&hellip;  <a href=\"https:\/\/agora.xtec.cat\/zer-les-salines\/portada\/fem-un-cim-montserrat\/\" title=\"Read Fem un cim: Montserrat\">Llegeix m\u00e9s\u00bb<\/a><\/p>\n","protected":false},"author":1,"featured_media":987,"comment_status":"open","ping_status":"closed","sticky":false,"template":"","format":"standard","meta":{"_bbp_topic_count":0,"_bbp_reply_count":0,"_bbp_total_topic_count":0,"_bbp_total_reply_count":0,"_bbp_voice_count":0,"_bbp_anonymous_reply_count":0,"_bbp_topic_count_hidden":0,"_bbp_reply_count_hidden":0,"_bbp_forum_subforum_count":0,"footnotes":""},"categories":[125,120,29],"tags":[203,204,224,238,202,205,199],"class_list":["post-986","post","type-post","status-publish","format-standard","has-post-thumbnail","hentry","category-activitatszer","category-ef","category-portada","tag-4t","tag-cs","tag-educacio-fisica","tag-ef","tag-fem-un-cim","tag-montserrat","tag-sortida"],"post_mailing_queue_ids":[],"_links":{"self":[{"href":"https:\/\/agora.xtec.cat\/zer-les-salines\/wp-json\/wp\/v2\/posts\/986","targetHints":{"allow":["GET"]}}],"collection":[{"href":"https:\/\/agora.xtec.cat\/zer-les-salines\/wp-json\/wp\/v2\/posts"}],"about":[{"href":"https:\/\/agora.xtec.cat\/zer-les-salines\/wp-json\/wp\/v2\/types\/post"}],"author":[{"embeddable":true,"href":"https:\/\/agora.xtec.cat\/zer-les-salines\/wp-json\/wp\/v2\/users\/1"}],"replies":[{"embeddable":true,"href":"https:\/\/agora.xtec.cat\/zer-les-salines\/wp-json\/wp\/v2\/comments?post=986"}],"version-history":[{"count":2,"href":"https:\/\/agora.xtec.cat\/zer-les-salines\/wp-json\/wp\/v2\/posts\/986\/revisions"}],"predecessor-version":[{"id":989,"href":"https:\/\/agora.xtec.cat\/zer-les-salines\/wp-json\/wp\/v2\/posts\/986\/revisions\/989"}],"wp:featuredmedia":[{"embeddable":true,"href":"https:\/\/agora.xtec.cat\/zer-les-salines\/wp-json\/wp\/v2\/media\/987"}],"wp:attachment":[{"href":"https:\/\/agora.xtec.cat\/zer-les-salines\/wp-json\/wp\/v2\/media?parent=986"}],"wp:term":[{"taxonomy":"category","embeddable":true,"href":"https:\/\/agora.xtec.cat\/zer-les-salines\/wp-json\/wp\/v2\/categories?post=986"},{"taxonomy":"post_tag","embeddable":true,"href":"https:\/\/agora.xtec.cat\/zer-les-salines\/wp-json\/wp\/v2\/tags?post=986"}],"curies":[{"name":"wp","href":"https:\/\/api.w.org\/{rel}","templated":true}]}}