{"id":982,"date":"2019-11-20T10:19:10","date_gmt":"2019-11-20T09:19:10","guid":{"rendered":"http:\/\/agora.xtec.cat\/zer-les-salines\/?p=982"},"modified":"2019-11-20T10:19:10","modified_gmt":"2019-11-20T09:19:10","slug":"sortida-autor-i-illustradora","status":"publish","type":"post","link":"https:\/\/agora.xtec.cat\/zer-les-salines\/portada\/sortida-autor-i-illustradora\/","title":{"rendered":"Sortida &#8220;Autor i il\u00b7lustradora&#8221;"},"content":{"rendered":"<p>Benvolguts i benvolgudes,<\/p>\n<p>El passat divendres 25 d&#8217;octubre tots els nens i nenes de la ZER Les Salines ens vam trobar a l&#8217;escola Llu\u00eds Mari\u00e0 Vidal.<\/p>\n<p>Els alumnes de cicle mitj\u00e0 i cicle superior van fer activitats de glosa i van aprendre moltes coses d&#8217;en Ricard Bonmat\u00ed; i els alumnes d&#8217;educaci\u00f3 infantil i cicle inicial van aprendre moltes coses de l&#8217;il\u00b7lustradora Judit Frigola, entre altres activitats que van fer al llarg del mat\u00ed.<\/p>\n<p><sub>Si feu clic a la imatge podreu veure algunes imatges de la sortida.<\/sub><\/p>\n<p><a href=\"https:\/\/photos.app.goo.gl\/pZjVxL1yjPriFpgs5\"><img loading=\"lazy\" decoding=\"async\" class=\"aligncenter wp-image-983 size-medium\" src=\"https:\/\/agora.xtec.cat\/zer-les-salines\/wp-content\/uploads\/usu1080\/2019\/11\/IMG_20191025_122830-300x225.jpg\" alt=\"\" width=\"300\" height=\"225\" srcset=\"https:\/\/agora.xtec.cat\/zer-les-salines\/wp-content\/uploads\/usu1080\/2019\/11\/IMG_20191025_122830-300x225.jpg 300w, https:\/\/agora.xtec.cat\/zer-les-salines\/wp-content\/uploads\/usu1080\/2019\/11\/IMG_20191025_122830-768x576.jpg 768w, https:\/\/agora.xtec.cat\/zer-les-salines\/wp-content\/uploads\/usu1080\/2019\/11\/IMG_20191025_122830-1024x768.jpg 1024w, https:\/\/agora.xtec.cat\/zer-les-salines\/wp-content\/uploads\/usu1080\/2019\/11\/IMG_20191025_122830-200x150.jpg 200w, https:\/\/agora.xtec.cat\/zer-les-salines\/wp-content\/uploads\/usu1080\/2019\/11\/IMG_20191025_122830.jpg 2048w\" sizes=\"auto, (max-width: 300px) 100vw, 300px\" \/><\/a><\/p>\n","protected":false},"excerpt":{"rendered":"<p>Autor i il\u00b7lustradora! (25\/10\/2019)&hellip;  <a href=\"https:\/\/agora.xtec.cat\/zer-les-salines\/portada\/sortida-autor-i-illustradora\/\" title=\"Read Sortida &#8220;Autor i il\u00b7lustradora&#8221;\">Llegeix m\u00e9s\u00bb<\/a><\/p>\n","protected":false},"author":1,"featured_media":983,"comment_status":"open","ping_status":"closed","sticky":false,"template":"","format":"standard","meta":{"_bbp_topic_count":0,"_bbp_reply_count":0,"_bbp_total_topic_count":0,"_bbp_total_reply_count":0,"_bbp_voice_count":0,"_bbp_anonymous_reply_count":0,"_bbp_topic_count_hidden":0,"_bbp_reply_count_hidden":0,"_bbp_forum_subforum_count":0,"footnotes":""},"categories":[125,29],"tags":[200,201,199],"class_list":["post-982","post","type-post","status-publish","format-standard","has-post-thumbnail","hentry","category-activitatszer","category-portada","tag-autor","tag-illustradora","tag-sortida"],"post_mailing_queue_ids":[],"_links":{"self":[{"href":"https:\/\/agora.xtec.cat\/zer-les-salines\/wp-json\/wp\/v2\/posts\/982","targetHints":{"allow":["GET"]}}],"collection":[{"href":"https:\/\/agora.xtec.cat\/zer-les-salines\/wp-json\/wp\/v2\/posts"}],"about":[{"href":"https:\/\/agora.xtec.cat\/zer-les-salines\/wp-json\/wp\/v2\/types\/post"}],"author":[{"embeddable":true,"href":"https:\/\/agora.xtec.cat\/zer-les-salines\/wp-json\/wp\/v2\/users\/1"}],"replies":[{"embeddable":true,"href":"https:\/\/agora.xtec.cat\/zer-les-salines\/wp-json\/wp\/v2\/comments?post=982"}],"version-history":[{"count":2,"href":"https:\/\/agora.xtec.cat\/zer-les-salines\/wp-json\/wp\/v2\/posts\/982\/revisions"}],"predecessor-version":[{"id":985,"href":"https:\/\/agora.xtec.cat\/zer-les-salines\/wp-json\/wp\/v2\/posts\/982\/revisions\/985"}],"wp:featuredmedia":[{"embeddable":true,"href":"https:\/\/agora.xtec.cat\/zer-les-salines\/wp-json\/wp\/v2\/media\/983"}],"wp:attachment":[{"href":"https:\/\/agora.xtec.cat\/zer-les-salines\/wp-json\/wp\/v2\/media?parent=982"}],"wp:term":[{"taxonomy":"category","embeddable":true,"href":"https:\/\/agora.xtec.cat\/zer-les-salines\/wp-json\/wp\/v2\/categories?post=982"},{"taxonomy":"post_tag","embeddable":true,"href":"https:\/\/agora.xtec.cat\/zer-les-salines\/wp-json\/wp\/v2\/tags?post=982"}],"curies":[{"name":"wp","href":"https:\/\/api.w.org\/{rel}","templated":true}]}}