{"id":966,"date":"2019-11-06T09:33:32","date_gmt":"2019-11-06T08:33:32","guid":{"rendered":"http:\/\/agora.xtec.cat\/zer-les-salines\/?p=966"},"modified":"2019-11-06T09:36:39","modified_gmt":"2019-11-06T08:36:39","slug":"gimcana-de-les-llengues","status":"publish","type":"post","link":"https:\/\/agora.xtec.cat\/zer-les-salines\/portada\/gimcana-de-les-llengues\/","title":{"rendered":"Gimcana de les lleng\u00fces"},"content":{"rendered":"<p>Benvolgudes fam\u00edlies,<\/p>\n<div>\n<div><\/div>\n<div>Us anunciem que\u00a0 ja estan disponibles els enigmes del mes de novembre.<\/div>\n<div><\/div>\n<div><\/div>\n<div>Fent clic\u00a0<a href=\"https:\/\/sites.google.com\/a\/xtec.cat\/gimcana-de-les-llenguees---zer-les-salines\/\" target=\"_blank\" rel=\"noopener noreferrer\" data-saferedirecturl=\"https:\/\/www.google.com\/url?q=https:\/\/agora.xtec.cat\/zer-les-salines\/&amp;source=gmail&amp;ust=1573114733107000&amp;usg=AFQjCNE02nRT6vaEs1cEi4mXBF5N-uuKfA\">aqu\u00ed<\/a> anireu a la p\u00e0gina web de la gimcana, on trobareu l&#8217;enlla\u00e7 per participar a la gimcana de les lleng\u00fces.<\/div>\n<div><\/div>\n<div><\/div>\n<div>Animeu als vostres fills i filles a participar-hi!<\/div>\n<div>Qualsevol dubte, restem a la vostra disposici\u00f3.<\/div>\n<div><\/div>\n<div>Comissi\u00f3 TAC<\/div>\n<\/div>\n<p>&nbsp;<\/p>\n<p>&nbsp;<\/p>\n","protected":false},"excerpt":{"rendered":"<p>Nous enigmes!!&hellip;  <a href=\"https:\/\/agora.xtec.cat\/zer-les-salines\/portada\/gimcana-de-les-llengues\/\" title=\"Read Gimcana de les lleng\u00fces\">Llegeix m\u00e9s\u00bb<\/a><\/p>\n","protected":false},"author":3,"featured_media":971,"comment_status":"open","ping_status":"closed","sticky":false,"template":"","format":"standard","meta":{"_bbp_topic_count":0,"_bbp_reply_count":0,"_bbp_total_topic_count":0,"_bbp_total_reply_count":0,"_bbp_voice_count":0,"_bbp_anonymous_reply_count":0,"_bbp_topic_count_hidden":0,"_bbp_reply_count_hidden":0,"_bbp_forum_subforum_count":0,"footnotes":""},"categories":[29],"tags":[197,195,198,196],"class_list":["post-966","post","type-post","status-publish","format-standard","has-post-thumbnail","hentry","category-portada","tag-concurs","tag-gimcana-de-les-llengues","tag-llengua","tag-zer"],"post_mailing_queue_ids":[],"_links":{"self":[{"href":"https:\/\/agora.xtec.cat\/zer-les-salines\/wp-json\/wp\/v2\/posts\/966","targetHints":{"allow":["GET"]}}],"collection":[{"href":"https:\/\/agora.xtec.cat\/zer-les-salines\/wp-json\/wp\/v2\/posts"}],"about":[{"href":"https:\/\/agora.xtec.cat\/zer-les-salines\/wp-json\/wp\/v2\/types\/post"}],"author":[{"embeddable":true,"href":"https:\/\/agora.xtec.cat\/zer-les-salines\/wp-json\/wp\/v2\/users\/3"}],"replies":[{"embeddable":true,"href":"https:\/\/agora.xtec.cat\/zer-les-salines\/wp-json\/wp\/v2\/comments?post=966"}],"version-history":[{"count":3,"href":"https:\/\/agora.xtec.cat\/zer-les-salines\/wp-json\/wp\/v2\/posts\/966\/revisions"}],"predecessor-version":[{"id":972,"href":"https:\/\/agora.xtec.cat\/zer-les-salines\/wp-json\/wp\/v2\/posts\/966\/revisions\/972"}],"wp:featuredmedia":[{"embeddable":true,"href":"https:\/\/agora.xtec.cat\/zer-les-salines\/wp-json\/wp\/v2\/media\/971"}],"wp:attachment":[{"href":"https:\/\/agora.xtec.cat\/zer-les-salines\/wp-json\/wp\/v2\/media?parent=966"}],"wp:term":[{"taxonomy":"category","embeddable":true,"href":"https:\/\/agora.xtec.cat\/zer-les-salines\/wp-json\/wp\/v2\/categories?post=966"},{"taxonomy":"post_tag","embeddable":true,"href":"https:\/\/agora.xtec.cat\/zer-les-salines\/wp-json\/wp\/v2\/tags?post=966"}],"curies":[{"name":"wp","href":"https:\/\/api.w.org\/{rel}","templated":true}]}}