{"id":936,"date":"2019-09-18T13:45:09","date_gmt":"2019-09-18T11:45:09","guid":{"rendered":"http:\/\/agora.xtec.cat\/zer-les-salines\/?p=936"},"modified":"2019-09-18T13:45:09","modified_gmt":"2019-09-18T11:45:09","slug":"estrenem-pagina-web","status":"publish","type":"post","link":"https:\/\/agora.xtec.cat\/zer-les-salines\/portada\/estrenem-pagina-web\/","title":{"rendered":"Estrenem p\u00e0gina web!"},"content":{"rendered":"<p>Benvinguts a la nova p\u00e0gina web de la ZER Les Salines.<\/p>\n<p>Aqu\u00ed podreu trobar tota la informaci\u00f3 sobre la ZER i les 4 escoles que la integren.<\/p>\n<p>A m\u00e9s a m\u00e9s, tots els articles, not\u00edcies, activitats, etc. que es facin a les 4 escoles es veuren reflectides a la portada i mestres i fam\u00edlies podreu subsciure-us. Aix\u00f2 voldr\u00e0 dir que rebreu una notificaci\u00f3 al correu electr\u00f2nic quan hi hagi una entrada nova.<\/p>\n<p>&nbsp;<\/p>\n<p>Sigueu benvinguts!<\/p>\n","protected":false},"excerpt":{"rendered":"<p>Benvinguts a la nova p\u00e0gina web de la ZER Les Salines.<br \/>\nAqu\u00ed podreu trobar tota la informaci\u00f3 sobre la ZER i les 4 escoles que la integren.<br \/>\nA m\u00e9s a m\u00e9s, tots els articles, not\u00edcies, activitats, etc. que es facin a les 4 escoles es veuren reflectides&hellip;  <a href=\"https:\/\/agora.xtec.cat\/zer-les-salines\/portada\/estrenem-pagina-web\/\" title=\"Read Estrenem p\u00e0gina web!\">Llegeix m\u00e9s\u00bb<\/a><\/p>\n","protected":false},"author":1,"featured_media":0,"comment_status":"open","ping_status":"closed","sticky":false,"template":"","format":"standard","meta":{"_bbp_topic_count":0,"_bbp_reply_count":0,"_bbp_total_topic_count":0,"_bbp_total_reply_count":0,"_bbp_voice_count":0,"_bbp_anonymous_reply_count":0,"_bbp_topic_count_hidden":0,"_bbp_reply_count_hidden":0,"_bbp_forum_subforum_count":0,"footnotes":""},"categories":[29],"tags":[],"class_list":["post-936","post","type-post","status-publish","format-standard","hentry","category-portada"],"post_mailing_queue_ids":[],"_links":{"self":[{"href":"https:\/\/agora.xtec.cat\/zer-les-salines\/wp-json\/wp\/v2\/posts\/936","targetHints":{"allow":["GET"]}}],"collection":[{"href":"https:\/\/agora.xtec.cat\/zer-les-salines\/wp-json\/wp\/v2\/posts"}],"about":[{"href":"https:\/\/agora.xtec.cat\/zer-les-salines\/wp-json\/wp\/v2\/types\/post"}],"author":[{"embeddable":true,"href":"https:\/\/agora.xtec.cat\/zer-les-salines\/wp-json\/wp\/v2\/users\/1"}],"replies":[{"embeddable":true,"href":"https:\/\/agora.xtec.cat\/zer-les-salines\/wp-json\/wp\/v2\/comments?post=936"}],"version-history":[{"count":1,"href":"https:\/\/agora.xtec.cat\/zer-les-salines\/wp-json\/wp\/v2\/posts\/936\/revisions"}],"predecessor-version":[{"id":937,"href":"https:\/\/agora.xtec.cat\/zer-les-salines\/wp-json\/wp\/v2\/posts\/936\/revisions\/937"}],"wp:attachment":[{"href":"https:\/\/agora.xtec.cat\/zer-les-salines\/wp-json\/wp\/v2\/media?parent=936"}],"wp:term":[{"taxonomy":"category","embeddable":true,"href":"https:\/\/agora.xtec.cat\/zer-les-salines\/wp-json\/wp\/v2\/categories?post=936"},{"taxonomy":"post_tag","embeddable":true,"href":"https:\/\/agora.xtec.cat\/zer-les-salines\/wp-json\/wp\/v2\/tags?post=936"}],"curies":[{"name":"wp","href":"https:\/\/api.w.org\/{rel}","templated":true}]}}