{"id":3073,"date":"2026-04-27T19:00:00","date_gmt":"2026-04-27T17:00:00","guid":{"rendered":"https:\/\/agora.xtec.cat\/zer-les-salines\/?p=3073"},"modified":"2026-04-27T11:09:39","modified_gmt":"2026-04-27T09:09:39","slug":"rodajoc-2026","status":"publish","type":"post","link":"https:\/\/agora.xtec.cat\/zer-les-salines\/portada\/rodajoc-2026\/","title":{"rendered":"Rodajoc 2026"},"content":{"rendered":"\n<p>El passat 13 de mar\u00e7, els nens i nenes de 3r i 4t van participar al Rodajoc a la Jonquera. Aquest any, la proposta va comen\u00e7ar amb una pregunta molt especial a casa: a quins jocs de carrer jugaven els nostres familiars quan eren petits?<\/p>\n\n\n\n<p>Amb totes les respostes recollides, l\u2019alumnat va descobrir jocs d\u2019altres temps i va poder compartir records amb les fam\u00edlies. Despr\u00e9s de fer-ne un recull, es va preparar una tria de jocs per portar-los a la pr\u00e0ctica durant la trobada.<\/p>\n\n\n\n<p>Al Rodajoc, els nens i nenes van gaudir d\u2019una jornada plena de moviment, conviv\u00e8ncia i diversi\u00f3. Va ser una bona oportunitat per recuperar jocs de carrer, jugar plegats i con\u00e8ixer millor com es divertien altres generacions.<\/p>\n\n\n\n<p>Volem donar les gr\u00e0cies a totes les fam\u00edlies per la seva col\u00b7laboraci\u00f3 i per ajudar-nos a mantenir vius aquests jocs i records.<\/p>\n\n\n\n<p>Podeu veure les fotografies d&#8217;aquesta jornada en el seg\u00fcent enlla\u00e7: <a href=\"https:\/\/drive.google.com\/drive\/folders\/1O-v1onWSlLyKvGH1DsHOesshLcXpVjVj?usp=sharing\">Rodajoc La Jonquera 2026<\/a><\/p>\n\n\n\n<p><\/p>\n\n\n\n<p><strong><sub>Recordeu que per poder veure les imatges necessiteu accedir amb l&#8217;usuari de la zerlessalines.cat<\/sub><\/strong><\/p>\n\n\n\n<p><\/p>\n","protected":false},"excerpt":{"rendered":"<p>El passat 13 de mar\u00e7, els nens i nenes de 3r i 4t van participar al Rodajoc a la Jonquera. Aquest any, la proposta va comen\u00e7ar amb una pregunta molt especial a casa: a quins jocs de carrer jugaven els nostres familiars quan eren petits?<\/p>\n<p>Amb&hellip;  <a href=\"https:\/\/agora.xtec.cat\/zer-les-salines\/portada\/rodajoc-2026\/\" title=\"Read Rodajoc 2026\">Llegeix m\u00e9s\u00bb<\/a><\/p>\n","protected":false},"author":3,"featured_media":3075,"comment_status":"open","ping_status":"open","sticky":false,"template":"","format":"standard","meta":{"_bbp_topic_count":0,"_bbp_reply_count":0,"_bbp_total_topic_count":0,"_bbp_total_reply_count":0,"_bbp_voice_count":0,"_bbp_anonymous_reply_count":0,"_bbp_topic_count_hidden":0,"_bbp_reply_count_hidden":0,"_bbp_forum_subforum_count":0,"footnotes":""},"categories":[120,29],"tags":[550,224,376],"class_list":["post-3073","post","type-post","status-publish","format-standard","has-post-thumbnail","hentry","category-ef","category-portada","tag-curs-25-26","tag-educacio-fisica","tag-rodajoc"],"post_mailing_queue_ids":[],"_links":{"self":[{"href":"https:\/\/agora.xtec.cat\/zer-les-salines\/wp-json\/wp\/v2\/posts\/3073","targetHints":{"allow":["GET"]}}],"collection":[{"href":"https:\/\/agora.xtec.cat\/zer-les-salines\/wp-json\/wp\/v2\/posts"}],"about":[{"href":"https:\/\/agora.xtec.cat\/zer-les-salines\/wp-json\/wp\/v2\/types\/post"}],"author":[{"embeddable":true,"href":"https:\/\/agora.xtec.cat\/zer-les-salines\/wp-json\/wp\/v2\/users\/3"}],"replies":[{"embeddable":true,"href":"https:\/\/agora.xtec.cat\/zer-les-salines\/wp-json\/wp\/v2\/comments?post=3073"}],"version-history":[{"count":1,"href":"https:\/\/agora.xtec.cat\/zer-les-salines\/wp-json\/wp\/v2\/posts\/3073\/revisions"}],"predecessor-version":[{"id":3076,"href":"https:\/\/agora.xtec.cat\/zer-les-salines\/wp-json\/wp\/v2\/posts\/3073\/revisions\/3076"}],"wp:featuredmedia":[{"embeddable":true,"href":"https:\/\/agora.xtec.cat\/zer-les-salines\/wp-json\/wp\/v2\/media\/3075"}],"wp:attachment":[{"href":"https:\/\/agora.xtec.cat\/zer-les-salines\/wp-json\/wp\/v2\/media?parent=3073"}],"wp:term":[{"taxonomy":"category","embeddable":true,"href":"https:\/\/agora.xtec.cat\/zer-les-salines\/wp-json\/wp\/v2\/categories?post=3073"},{"taxonomy":"post_tag","embeddable":true,"href":"https:\/\/agora.xtec.cat\/zer-les-salines\/wp-json\/wp\/v2\/tags?post=3073"}],"curies":[{"name":"wp","href":"https:\/\/api.w.org\/{rel}","templated":true}]}}