{"id":3070,"date":"2026-04-24T17:00:00","date_gmt":"2026-04-24T15:00:00","guid":{"rendered":"https:\/\/agora.xtec.cat\/zer-les-salines\/?p=3070"},"modified":"2026-04-24T16:27:45","modified_gmt":"2026-04-24T14:27:45","slug":"setmana-cultural-2026","status":"publish","type":"post","link":"https:\/\/agora.xtec.cat\/zer-les-salines\/general\/setmana-cultural-2026\/","title":{"rendered":"Setmana Cultural 2026"},"content":{"rendered":"\n<p>Aquesta setmana a Ma\u00e7anet hem gaudit de la Setmana Cultural, una setmana plena d&#8217;activitats ben diferents, per\u00f2 molt divertides!<\/p>\n\n\n\n<p>Vam comen\u00e7ar dilluns amb una sessi\u00f3 de teatre dins del projecte Conarte de bon mat\u00ed i un espectacle a la tarda titulat &#8220;Cuinem poesia&#8221;. Dimarts al mat\u00ed, els alumnes de prim\u00e0ria van sortir a fer una ruta per l&#8217;entorn de Ma\u00e7anet a recollir deixalles, el Correcull; i a la tarda, entre tots i totes, vam classificar les deixalles recollides i les vam pesar. Dimecres al mat\u00ed va venir la gent del Casal de la Gent Gran i vam poder gaudir plegats d&#8217;una sessi\u00f3 de gimn\u00e0stica per activar el cos. A la tarda ens vam trobar padrins i fillols per llegir contes de Sant Jordi. Dijous al mat\u00ed vam fer un taller de xocolata, on vam fer unes creacions precioses (i bon\u00edssimes!) i a la tarda el Concurs literari de poesia. Per acabar, divendres hem rebut la visita d&#8217;en Jeremy, que ens ha explicat contes en angl\u00e8s. Ha estat una setmana fant\u00e0stica!<\/p>\n\n\n\n<p>En aquest <a href=\"https:\/\/drive.google.com\/drive\/folders\/1em2tMaONkkEbAISepTGA6w5gdDaTC0o1?usp=drive_link\">enlla\u00e7<\/a> podreu veure fotos i v\u00eddeos de tota la setmana.<\/p>\n\n\n\n<p><\/p>\n","protected":false},"excerpt":{"rendered":"<p>Aquesta setmana a Ma\u00e7anet hem gaudit de la Setmana Cultural, una setmana plena d&#8217;activitats ben diferents, per\u00f2 molt divertides!<\/p>\n<p>Vam comen\u00e7ar dilluns amb una sessi\u00f3 de teatre dins del projecte Conarte de bon mat\u00ed i un espectacle a la tarda titulat &#8220;Cuinem poesia&#8221;. Dimarts al mat\u00ed,&hellip;  <a href=\"https:\/\/agora.xtec.cat\/zer-les-salines\/general\/setmana-cultural-2026\/\" title=\"Read Setmana Cultural 2026\">Llegeix m\u00e9s\u00bb<\/a><\/p>\n","protected":false},"author":114,"featured_media":3071,"comment_status":"open","ping_status":"open","sticky":false,"template":"","format":"standard","meta":{"_bbp_topic_count":0,"_bbp_reply_count":0,"_bbp_total_topic_count":0,"_bbp_total_reply_count":0,"_bbp_voice_count":0,"_bbp_anonymous_reply_count":0,"_bbp_topic_count_hidden":0,"_bbp_reply_count_hidden":0,"_bbp_forum_subforum_count":0,"footnotes":""},"categories":[114,1,29],"tags":[550,374,38,564],"class_list":["post-3070","post","type-post","status-publish","format-standard","has-post-thumbnail","hentry","category-blog-escola-lessalines","category-general","category-portada","tag-curs-25-26","tag-escola-les-salines","tag-sant-jordi","tag-setmana-cultural"],"post_mailing_queue_ids":[],"_links":{"self":[{"href":"https:\/\/agora.xtec.cat\/zer-les-salines\/wp-json\/wp\/v2\/posts\/3070","targetHints":{"allow":["GET"]}}],"collection":[{"href":"https:\/\/agora.xtec.cat\/zer-les-salines\/wp-json\/wp\/v2\/posts"}],"about":[{"href":"https:\/\/agora.xtec.cat\/zer-les-salines\/wp-json\/wp\/v2\/types\/post"}],"author":[{"embeddable":true,"href":"https:\/\/agora.xtec.cat\/zer-les-salines\/wp-json\/wp\/v2\/users\/114"}],"replies":[{"embeddable":true,"href":"https:\/\/agora.xtec.cat\/zer-les-salines\/wp-json\/wp\/v2\/comments?post=3070"}],"version-history":[{"count":1,"href":"https:\/\/agora.xtec.cat\/zer-les-salines\/wp-json\/wp\/v2\/posts\/3070\/revisions"}],"predecessor-version":[{"id":3072,"href":"https:\/\/agora.xtec.cat\/zer-les-salines\/wp-json\/wp\/v2\/posts\/3070\/revisions\/3072"}],"wp:featuredmedia":[{"embeddable":true,"href":"https:\/\/agora.xtec.cat\/zer-les-salines\/wp-json\/wp\/v2\/media\/3071"}],"wp:attachment":[{"href":"https:\/\/agora.xtec.cat\/zer-les-salines\/wp-json\/wp\/v2\/media?parent=3070"}],"wp:term":[{"taxonomy":"category","embeddable":true,"href":"https:\/\/agora.xtec.cat\/zer-les-salines\/wp-json\/wp\/v2\/categories?post=3070"},{"taxonomy":"post_tag","embeddable":true,"href":"https:\/\/agora.xtec.cat\/zer-les-salines\/wp-json\/wp\/v2\/tags?post=3070"}],"curies":[{"name":"wp","href":"https:\/\/api.w.org\/{rel}","templated":true}]}}