{"id":3067,"date":"2026-04-21T14:01:24","date_gmt":"2026-04-21T12:01:24","guid":{"rendered":"https:\/\/agora.xtec.cat\/zer-les-salines\/?p=3067"},"modified":"2026-04-21T14:01:26","modified_gmt":"2026-04-21T12:01:26","slug":"aiguamolls-de-lemporda","status":"publish","type":"post","link":"https:\/\/agora.xtec.cat\/zer-les-salines\/general\/aiguamolls-de-lemporda\/","title":{"rendered":"Aiguamolls de l&#8217;Empord\u00e0"},"content":{"rendered":"\n<p>El passat divendres 17 d&#8217;abril, els alumnes d&#8217;Educaci\u00f3 Infantil i Cicle Inicial vam anar d&#8217;excursi\u00f3 als Aiguamolls de l&#8217;Empord\u00e0. All\u00e0 vam fer una visita amb la gent de Gisfera, que ens va ensenyar el parc natural i ens va explicar moltes curiositats sobre els animals que hi viuen. En vam veure molts i ens va fer molta il\u00b7lusi\u00f3 poder veure aquells ocells que hem estat treballant a les aules. Va ser un dia fant\u00e0stic!<\/p>\n\n\n\n<p>En aquest <a href=\"https:\/\/drive.google.com\/drive\/folders\/1xwyIEAF7d35O16J5pfTrUpQrd_D3Uhn_?usp=sharing\">enlla\u00e7<\/a> podreu veure les fotos d&#8217;aquell dia.<\/p>\n","protected":false},"excerpt":{"rendered":"<p>El passat divendres 17 d&#8217;abril, els alumnes d&#8217;Educaci\u00f3 Infantil i Cicle Inicial vam anar d&#8217;excursi\u00f3 als Aiguamolls de l&#8217;Empord\u00e0. All\u00e0 vam fer una visita amb la gent de Gisfera, que ens va ensenyar el parc natural i ens va explicar moltes curiositats sobre els animals&hellip;  <a href=\"https:\/\/agora.xtec.cat\/zer-les-salines\/general\/aiguamolls-de-lemporda\/\" title=\"Read Aiguamolls de l&#8217;Empord\u00e0\">Llegeix m\u00e9s\u00bb<\/a><\/p>\n","protected":false},"author":114,"featured_media":3068,"comment_status":"open","ping_status":"open","sticky":false,"template":"","format":"standard","meta":{"_bbp_topic_count":0,"_bbp_reply_count":0,"_bbp_total_topic_count":0,"_bbp_total_reply_count":0,"_bbp_voice_count":0,"_bbp_anonymous_reply_count":0,"_bbp_topic_count_hidden":0,"_bbp_reply_count_hidden":0,"_bbp_forum_subforum_count":0,"footnotes":""},"categories":[125,1,29],"tags":[605,550,606],"class_list":["post-3067","post","type-post","status-publish","format-standard","has-post-thumbnail","hentry","category-activitatszer","category-general","category-portada","tag-aiguamolls-de-lemporda","tag-curs-25-26","tag-fluim"],"post_mailing_queue_ids":[],"_links":{"self":[{"href":"https:\/\/agora.xtec.cat\/zer-les-salines\/wp-json\/wp\/v2\/posts\/3067","targetHints":{"allow":["GET"]}}],"collection":[{"href":"https:\/\/agora.xtec.cat\/zer-les-salines\/wp-json\/wp\/v2\/posts"}],"about":[{"href":"https:\/\/agora.xtec.cat\/zer-les-salines\/wp-json\/wp\/v2\/types\/post"}],"author":[{"embeddable":true,"href":"https:\/\/agora.xtec.cat\/zer-les-salines\/wp-json\/wp\/v2\/users\/114"}],"replies":[{"embeddable":true,"href":"https:\/\/agora.xtec.cat\/zer-les-salines\/wp-json\/wp\/v2\/comments?post=3067"}],"version-history":[{"count":1,"href":"https:\/\/agora.xtec.cat\/zer-les-salines\/wp-json\/wp\/v2\/posts\/3067\/revisions"}],"predecessor-version":[{"id":3069,"href":"https:\/\/agora.xtec.cat\/zer-les-salines\/wp-json\/wp\/v2\/posts\/3067\/revisions\/3069"}],"wp:featuredmedia":[{"embeddable":true,"href":"https:\/\/agora.xtec.cat\/zer-les-salines\/wp-json\/wp\/v2\/media\/3068"}],"wp:attachment":[{"href":"https:\/\/agora.xtec.cat\/zer-les-salines\/wp-json\/wp\/v2\/media?parent=3067"}],"wp:term":[{"taxonomy":"category","embeddable":true,"href":"https:\/\/agora.xtec.cat\/zer-les-salines\/wp-json\/wp\/v2\/categories?post=3067"},{"taxonomy":"post_tag","embeddable":true,"href":"https:\/\/agora.xtec.cat\/zer-les-salines\/wp-json\/wp\/v2\/tags?post=3067"}],"curies":[{"name":"wp","href":"https:\/\/api.w.org\/{rel}","templated":true}]}}