{"id":3064,"date":"2026-04-21T13:29:31","date_gmt":"2026-04-21T11:29:31","guid":{"rendered":"https:\/\/agora.xtec.cat\/zer-les-salines\/?p=3064"},"modified":"2026-04-21T13:29:33","modified_gmt":"2026-04-21T11:29:33","slug":"arees-educatives-amb-gisfera","status":"publish","type":"post","link":"https:\/\/agora.xtec.cat\/zer-les-salines\/general\/arees-educatives-amb-gisfera\/","title":{"rendered":"\u00c0rees educatives amb Gisfera"},"content":{"rendered":"\n<p>Durant els mesos de febrer i mar\u00e7, els alumnes de prim\u00e0ria hem participat en el projecte \u00c0rees educatives amb la gent de Gisfera. Entre tots i totes vam escollir el bosquet de sobre el cementiri com a espai a estudiar i millorar. Durant els dies que vam anar-hi, vam estudiar la fauna, la flora, els minerals i l&#8217;impacte hum\u00e0. Vam descobrir un munt de coses noves! Un cop fet l&#8217;estudi, vam buscar de quina manera es podia millorar i vam reflexionar sobre la import\u00e0ncia de cuidar els espais naturals del poble.<\/p>\n\n\n\n<p>En aquest <a href=\"https:\/\/drive.google.com\/drive\/folders\/1liCvpDpCWM3i94wC010Ul9P5sYYiO52g?usp=drive_link\">enlla\u00e7 <\/a>podreu veure les fotos del primer dia.<\/p>\n","protected":false},"excerpt":{"rendered":"<p>Durant els mesos de febrer i mar\u00e7, els alumnes de prim\u00e0ria hem participat en el projecte \u00c0rees educatives amb la gent de Gisfera. Entre tots i totes vam escollir el bosquet de sobre el cementiri com a espai a estudiar i millorar. Durant els dies&hellip;  <a href=\"https:\/\/agora.xtec.cat\/zer-les-salines\/general\/arees-educatives-amb-gisfera\/\" title=\"Read \u00c0rees educatives amb Gisfera\">Llegeix m\u00e9s\u00bb<\/a><\/p>\n","protected":false},"author":114,"featured_media":3065,"comment_status":"open","ping_status":"open","sticky":false,"template":"","format":"standard","meta":{"_bbp_topic_count":0,"_bbp_reply_count":0,"_bbp_total_topic_count":0,"_bbp_total_reply_count":0,"_bbp_voice_count":0,"_bbp_anonymous_reply_count":0,"_bbp_topic_count_hidden":0,"_bbp_reply_count_hidden":0,"_bbp_forum_subforum_count":0,"footnotes":""},"categories":[114,1,29],"tags":[550,374,604],"class_list":["post-3064","post","type-post","status-publish","format-standard","has-post-thumbnail","hentry","category-blog-escola-lessalines","category-general","category-portada","tag-curs-25-26","tag-escola-les-salines","tag-gisfera"],"post_mailing_queue_ids":[],"_links":{"self":[{"href":"https:\/\/agora.xtec.cat\/zer-les-salines\/wp-json\/wp\/v2\/posts\/3064","targetHints":{"allow":["GET"]}}],"collection":[{"href":"https:\/\/agora.xtec.cat\/zer-les-salines\/wp-json\/wp\/v2\/posts"}],"about":[{"href":"https:\/\/agora.xtec.cat\/zer-les-salines\/wp-json\/wp\/v2\/types\/post"}],"author":[{"embeddable":true,"href":"https:\/\/agora.xtec.cat\/zer-les-salines\/wp-json\/wp\/v2\/users\/114"}],"replies":[{"embeddable":true,"href":"https:\/\/agora.xtec.cat\/zer-les-salines\/wp-json\/wp\/v2\/comments?post=3064"}],"version-history":[{"count":1,"href":"https:\/\/agora.xtec.cat\/zer-les-salines\/wp-json\/wp\/v2\/posts\/3064\/revisions"}],"predecessor-version":[{"id":3066,"href":"https:\/\/agora.xtec.cat\/zer-les-salines\/wp-json\/wp\/v2\/posts\/3064\/revisions\/3066"}],"wp:featuredmedia":[{"embeddable":true,"href":"https:\/\/agora.xtec.cat\/zer-les-salines\/wp-json\/wp\/v2\/media\/3065"}],"wp:attachment":[{"href":"https:\/\/agora.xtec.cat\/zer-les-salines\/wp-json\/wp\/v2\/media?parent=3064"}],"wp:term":[{"taxonomy":"category","embeddable":true,"href":"https:\/\/agora.xtec.cat\/zer-les-salines\/wp-json\/wp\/v2\/categories?post=3064"},{"taxonomy":"post_tag","embeddable":true,"href":"https:\/\/agora.xtec.cat\/zer-les-salines\/wp-json\/wp\/v2\/tags?post=3064"}],"curies":[{"name":"wp","href":"https:\/\/api.w.org\/{rel}","templated":true}]}}