{"id":3060,"date":"2026-02-24T17:00:00","date_gmt":"2026-02-24T16:00:00","guid":{"rendered":"https:\/\/agora.xtec.cat\/zer-les-salines\/?p=3060"},"modified":"2026-04-17T10:25:28","modified_gmt":"2026-04-17T08:25:28","slug":"el-carnaval-a-lescola-de-santa-cecilia","status":"publish","type":"post","link":"https:\/\/agora.xtec.cat\/zer-les-salines\/portada\/el-carnaval-a-lescola-de-santa-cecilia\/","title":{"rendered":"EL CARNAVAL A L&#8217;ESCOLA DE SANTA CEC\u00cdLIA"},"content":{"rendered":"\n<p>Durant el mes de febrer, a l&#8217;escola Santa Cec\u00edllia de Boadella i Les Escaules van celebrar el Carnaval, amb tot all\u00f2 necessari: les consignes, el rei Carnestoltes, el Dijous Gras i l&#8217;enterrament de la sardina. A m\u00e9s a m\u00e9s, vam organitzar un ball de m\u00e0scares i una petita representaci\u00f3 teatral on els nostres alumnes van posar-se a la pell d&#8217;uns personatges molt peculiars, relacionats amb el nostre projecte del riu, &#8220;<em>Flu\u00efm<\/em>&#8220;<\/p>\n\n\n\n<p>L&#8217; Imaya i la Selva van interpretar les gotes d&#8217;aigua, la Yasmine va ser per un dia el rei Carnestoltes, la J\u00falia era l&#8217;alcaldessa del poble, en Leo, la vella Quaresma i el poble tenia les veus de l&#8217;Alana, la Jana, en Gerard, la Luc\u00eda i l&#8217;Amad\u00eds. Aqu\u00ed el teniu !<\/p>\n\n\n\n<figure class=\"wp-block-audio\"><audio controls src=\"https:\/\/agora.xtec.cat\/zer-les-salines\/wp-content\/uploads\/usu1080\/2026\/04\/2.Judici.mp3\"><\/audio><\/figure>\n\n\n\n<p>I en aquest enlla\u00e7 trobareu les fotos del dia de la representaci\u00f3 i de la crema del rei Carnestoltes<\/p>\n\n\n\n<p><a href=\"https:\/\/drive.google.com\/drive\/folders\/1hW94ftO9CJeuazvHlPFcKF5ZADVYZHsX\">ENLLA\u00c7 A LES FOTOGRAFIES<\/a><\/p>\n\n\n\n<p><\/p>\n\n\n\n<p><\/p>\n","protected":false},"excerpt":{"rendered":"<p>Durant el mes de febrer, a l&#8217;escola Santa Cec\u00edllia de Boadella i Les Escaules van celebrar el Carnaval, amb tot all\u00f2 necessari: les consignes, el rei Carnestoltes, el Dijous Gras i l&#8217;enterrament de la sardina. A m\u00e9s a m\u00e9s, vam organitzar un ball de m\u00e0scares&hellip;  <a href=\"https:\/\/agora.xtec.cat\/zer-les-salines\/portada\/el-carnaval-a-lescola-de-santa-cecilia\/\" title=\"Read EL CARNAVAL A L&#8217;ESCOLA DE SANTA CEC\u00cdLIA\">Llegeix m\u00e9s\u00bb<\/a><\/p>\n","protected":false},"author":109,"featured_media":3062,"comment_status":"open","ping_status":"open","sticky":false,"template":"","format":"standard","meta":{"_bbp_topic_count":0,"_bbp_reply_count":0,"_bbp_total_topic_count":0,"_bbp_total_reply_count":0,"_bbp_voice_count":0,"_bbp_anonymous_reply_count":0,"_bbp_topic_count_hidden":0,"_bbp_reply_count_hidden":0,"_bbp_forum_subforum_count":0,"footnotes":""},"categories":[117,121,29],"tags":[],"class_list":["post-3060","post","type-post","status-publish","format-standard","has-post-thumbnail","hentry","category-blog-escola-santacecilia","category-ea","category-portada"],"post_mailing_queue_ids":[],"_links":{"self":[{"href":"https:\/\/agora.xtec.cat\/zer-les-salines\/wp-json\/wp\/v2\/posts\/3060","targetHints":{"allow":["GET"]}}],"collection":[{"href":"https:\/\/agora.xtec.cat\/zer-les-salines\/wp-json\/wp\/v2\/posts"}],"about":[{"href":"https:\/\/agora.xtec.cat\/zer-les-salines\/wp-json\/wp\/v2\/types\/post"}],"author":[{"embeddable":true,"href":"https:\/\/agora.xtec.cat\/zer-les-salines\/wp-json\/wp\/v2\/users\/109"}],"replies":[{"embeddable":true,"href":"https:\/\/agora.xtec.cat\/zer-les-salines\/wp-json\/wp\/v2\/comments?post=3060"}],"version-history":[{"count":1,"href":"https:\/\/agora.xtec.cat\/zer-les-salines\/wp-json\/wp\/v2\/posts\/3060\/revisions"}],"predecessor-version":[{"id":3063,"href":"https:\/\/agora.xtec.cat\/zer-les-salines\/wp-json\/wp\/v2\/posts\/3060\/revisions\/3063"}],"wp:featuredmedia":[{"embeddable":true,"href":"https:\/\/agora.xtec.cat\/zer-les-salines\/wp-json\/wp\/v2\/media\/3062"}],"wp:attachment":[{"href":"https:\/\/agora.xtec.cat\/zer-les-salines\/wp-json\/wp\/v2\/media?parent=3060"}],"wp:term":[{"taxonomy":"category","embeddable":true,"href":"https:\/\/agora.xtec.cat\/zer-les-salines\/wp-json\/wp\/v2\/categories?post=3060"},{"taxonomy":"post_tag","embeddable":true,"href":"https:\/\/agora.xtec.cat\/zer-les-salines\/wp-json\/wp\/v2\/tags?post=3060"}],"curies":[{"name":"wp","href":"https:\/\/api.w.org\/{rel}","templated":true}]}}