{"id":3052,"date":"2026-04-14T11:51:55","date_gmt":"2026-04-14T09:51:55","guid":{"rendered":"https:\/\/agora.xtec.cat\/zer-les-salines\/?p=3052"},"modified":"2026-04-14T11:51:57","modified_gmt":"2026-04-14T09:51:57","slug":"el-gran-tiberi-al-santa-cecilia","status":"publish","type":"post","link":"https:\/\/agora.xtec.cat\/zer-les-salines\/general\/el-gran-tiberi-al-santa-cecilia\/","title":{"rendered":"El Gran Tiberi al Santa Cec\u00edlia"},"content":{"rendered":"\n<p>Aquest projecte neix amb l&#8217;objectiu de connectar els infants amb el que mengen, amb el seu entorn m\u00e9s proper i la seva gent! Ha estat tot un proc\u00e9s pensat, decidit i elaborat per a ells\/es mateixos\/es, treballant en equip. <\/p>\n\n\n\n<p class=\"has-text-align-center\"><strong>La pregunta-repte: <\/strong><\/p>\n\n\n\n<p class=\"has-text-align-center\">Podem dissenyar un dinar amb NOM\u00c9S ingredients de proximitat? <\/p>\n\n\n\n<figure class=\"wp-block-image size-large\"><a href=\"https:\/\/agora.xtec.cat\/zer-les-salines\/wp-content\/uploads\/usu1080\/2026\/04\/image-1-2-scaled.jpg\"><img loading=\"lazy\" decoding=\"async\" width=\"1024\" height=\"781\" src=\"https:\/\/agora.xtec.cat\/zer-les-salines\/wp-content\/uploads\/usu1080\/2026\/04\/image-1-2-1024x781.jpg\" alt=\"\" class=\"wp-image-3057\" srcset=\"https:\/\/agora.xtec.cat\/zer-les-salines\/wp-content\/uploads\/usu1080\/2026\/04\/image-1-2-1024x781.jpg 1024w, https:\/\/agora.xtec.cat\/zer-les-salines\/wp-content\/uploads\/usu1080\/2026\/04\/image-1-2-300x229.jpg 300w, https:\/\/agora.xtec.cat\/zer-les-salines\/wp-content\/uploads\/usu1080\/2026\/04\/image-1-2-768x586.jpg 768w, https:\/\/agora.xtec.cat\/zer-les-salines\/wp-content\/uploads\/usu1080\/2026\/04\/image-1-2-1536x1172.jpg 1536w, https:\/\/agora.xtec.cat\/zer-les-salines\/wp-content\/uploads\/usu1080\/2026\/04\/image-1-2-2048x1563.jpg 2048w\" sizes=\"auto, (max-width: 1024px) 100vw, 1024px\" \/><\/a><\/figure>\n\n\n\n<p class=\"has-text-align-left\">Ens ha dut a treballar tres eixos:<\/p>\n\n\n\n<ul class=\"wp-block-list\">\n<li><strong>Producte de proximitat i temporada: <\/strong>qu\u00e8 ens ofereix la terra a cada estaci\u00f3?\u00a0 Per qu\u00e8 \u00e9s important consumir productes de km 0? I quina satisfacci\u00f3 poder collir aliments en el cam\u00ed fluvial o al pati&#8230; Aix\u00f2 s\u00ed que \u00e9s Km0! Tamb\u00e9 vam comptar amb la visita carregada d&#8217;experi\u00e8ncia d&#8217;un defensor dels productes de temporada i de proximitat: en <strong><mark style=\"background-color:rgba(0, 0, 0, 0)\" class=\"has-inline-color has-light-green-cyan-color\">Francesc del restaurant El Trull d&#8217;en Francesc.<\/mark><\/strong><\/li>\n\n\n\n<li><strong>Disseny del men\u00fa:<\/strong> Els alumnes es van convertir en &#8220;xefs&#8221; planificant, concretant receptes i cuinant un \u00e0pat en equip! <\/li>\n\n\n\n<li><strong>L\u2019art de parar taula:<\/strong> No tot \u00e9s el que hi ha al plat! Vam cuidar la posada en escena i els seus detalls i per aix\u00f2, ens vam deixar inspirar i acompanyar per en <strong><mark style=\"background-color:rgba(0, 0, 0, 0)\" class=\"has-inline-color has-light-green-cyan-color\">David Serra del restaurant el Trull d&#8217;en Francesc<\/mark><\/strong> que ens va explicar els secrets d&#8217;una taula ben parada. <\/li>\n<\/ul>\n\n\n\n<figure class=\"wp-block-image size-large is-resized\"><a href=\"https:\/\/agora.xtec.cat\/zer-les-salines\/wp-content\/uploads\/usu1080\/2026\/04\/image-2-scaled.jpg\"><img loading=\"lazy\" decoding=\"async\" width=\"781\" height=\"1024\" src=\"https:\/\/agora.xtec.cat\/zer-les-salines\/wp-content\/uploads\/usu1080\/2026\/04\/image-2-781x1024.jpg\" alt=\"\" class=\"wp-image-3058\" style=\"width:789px;height:auto\" srcset=\"https:\/\/agora.xtec.cat\/zer-les-salines\/wp-content\/uploads\/usu1080\/2026\/04\/image-2-781x1024.jpg 781w, https:\/\/agora.xtec.cat\/zer-les-salines\/wp-content\/uploads\/usu1080\/2026\/04\/image-2-229x300.jpg 229w, https:\/\/agora.xtec.cat\/zer-les-salines\/wp-content\/uploads\/usu1080\/2026\/04\/image-2-768x1006.jpg 768w, https:\/\/agora.xtec.cat\/zer-les-salines\/wp-content\/uploads\/usu1080\/2026\/04\/image-2-1172x1536.jpg 1172w, https:\/\/agora.xtec.cat\/zer-les-salines\/wp-content\/uploads\/usu1080\/2026\/04\/image-2-1563x2048.jpg 1563w, https:\/\/agora.xtec.cat\/zer-les-salines\/wp-content\/uploads\/usu1080\/2026\/04\/image-2-scaled.jpg 1954w\" sizes=\"auto, (max-width: 781px) 100vw, 781px\" \/><\/a><\/figure>\n\n\n\n<p><strong>Com a tancament del projecte, vam celebrar un dinar el <\/strong><strong>divendres 27 de mar\u00e7<\/strong> on vam posar en pr\u00e0ctica tot el que hav\u00edem apr\u00e8s, vam compartir el men\u00fa dissenyat i cuinat, vam gaudir de la taula ben parada i, sobretot, vam celebrar el plaer d&#8217;estar junts.<\/p>\n\n\n\n<p class=\"has-text-align-center\"><a href=\"https:\/\/drive.google.com\/drive\/folders\/13jXutK-lAWz0sOA0IHQwtnCKHoQtRYJS?usp=drive_link\">\u00c0lbum de fotos del Gran Tiberi<\/a><\/p>\n\n\n\n<p><\/p>\n\n\n\n<p><\/p>\n","protected":false},"excerpt":{"rendered":"<p>Aquest projecte neix amb l&#8217;objectiu de connectar els infants amb el que mengen, amb el seu entorn m\u00e9s proper i la seva gent! Ha estat tot un proc\u00e9s pensat, decidit i elaborat per a ells\/es mateixos\/es, treballant en equip. <\/p>\n<p>La pregunta-repte: <\/p>\n<p>Podem dissenyar un dinar&hellip;  <a href=\"https:\/\/agora.xtec.cat\/zer-les-salines\/general\/el-gran-tiberi-al-santa-cecilia\/\" title=\"Read El Gran Tiberi al Santa Cec\u00edlia\">Llegeix m\u00e9s\u00bb<\/a><\/p>\n","protected":false},"author":117,"featured_media":0,"comment_status":"open","ping_status":"open","sticky":false,"template":"","format":"standard","meta":{"_bbp_topic_count":0,"_bbp_reply_count":0,"_bbp_total_topic_count":0,"_bbp_total_reply_count":0,"_bbp_voice_count":0,"_bbp_anonymous_reply_count":0,"_bbp_topic_count_hidden":0,"_bbp_reply_count_hidden":0,"_bbp_forum_subforum_count":0,"footnotes":""},"categories":[117,1,29],"tags":[],"class_list":["post-3052","post","type-post","status-publish","format-standard","hentry","category-blog-escola-santacecilia","category-general","category-portada"],"post_mailing_queue_ids":[],"_links":{"self":[{"href":"https:\/\/agora.xtec.cat\/zer-les-salines\/wp-json\/wp\/v2\/posts\/3052","targetHints":{"allow":["GET"]}}],"collection":[{"href":"https:\/\/agora.xtec.cat\/zer-les-salines\/wp-json\/wp\/v2\/posts"}],"about":[{"href":"https:\/\/agora.xtec.cat\/zer-les-salines\/wp-json\/wp\/v2\/types\/post"}],"author":[{"embeddable":true,"href":"https:\/\/agora.xtec.cat\/zer-les-salines\/wp-json\/wp\/v2\/users\/117"}],"replies":[{"embeddable":true,"href":"https:\/\/agora.xtec.cat\/zer-les-salines\/wp-json\/wp\/v2\/comments?post=3052"}],"version-history":[{"count":2,"href":"https:\/\/agora.xtec.cat\/zer-les-salines\/wp-json\/wp\/v2\/posts\/3052\/revisions"}],"predecessor-version":[{"id":3059,"href":"https:\/\/agora.xtec.cat\/zer-les-salines\/wp-json\/wp\/v2\/posts\/3052\/revisions\/3059"}],"wp:attachment":[{"href":"https:\/\/agora.xtec.cat\/zer-les-salines\/wp-json\/wp\/v2\/media?parent=3052"}],"wp:term":[{"taxonomy":"category","embeddable":true,"href":"https:\/\/agora.xtec.cat\/zer-les-salines\/wp-json\/wp\/v2\/categories?post=3052"},{"taxonomy":"post_tag","embeddable":true,"href":"https:\/\/agora.xtec.cat\/zer-les-salines\/wp-json\/wp\/v2\/tags?post=3052"}],"curies":[{"name":"wp","href":"https:\/\/api.w.org\/{rel}","templated":true}]}}