{"id":3022,"date":"2026-03-06T19:00:00","date_gmt":"2026-03-06T18:00:00","guid":{"rendered":"https:\/\/agora.xtec.cat\/zer-les-salines\/?p=3022"},"modified":"2026-03-20T12:38:13","modified_gmt":"2026-03-20T11:38:13","slug":"dijous-gras-i-correcull","status":"publish","type":"post","link":"https:\/\/agora.xtec.cat\/zer-les-salines\/portada\/dijous-gras-i-correcull\/","title":{"rendered":"Dijous Gras i Correcull a Boadella i les Escaules"},"content":{"rendered":"\n<p>El dia 27 de febrer, finalment vam poder celebrar el Dijous Gras i fer el Correcull amb els nens i nenes d\u2019educaci\u00f3 infantil i cicle inicial de l\u2019escola Manuel de Pedrolo i de l\u2019escola Santa Cec\u00edlia.<\/p>\n\n\n\n<p>Vam sortir caminant des de l\u2019escola de Boadella fins a la pla\u00e7a de les Escaules. Durant tot el recorregut vam anar recollint brossa, ajudant aix\u00ed a mantenir net el nostre entorn. Un cop all\u00e0, vam dinar plegats i vam tenir una estona per jugar i gaudir de la jornada.<\/p>\n\n\n\n<p>A la tarda, vam tornar a peu i, quan vam arribar a l\u2019escola de Santa Cec\u00edlia, vam pesar totes les deixalles que hav\u00edem recollit. El resultat va ser de 6,30 kg de rebuig, 3,75 kg de pl\u00e0stic, 1,60 kg de paper, 450 g de vidre i dos cables electr\u00f2nics.<\/p>\n\n\n\n<p>Va ser una jornada ben completa, en qu\u00e8 vam compartir una bona estona plegats mentre cuid\u00e0vem l\u2019entorn.<\/p>\n\n\n\n<p>Podeu veure la ruta del <a href=\"https:\/\/loc.wiki\/t\/252194710?wa=sc\">Wikiloc <\/a>i m\u00e9s <a href=\"https:\/\/drive.google.com\/drive\/folders\/11lIZ73wzud1bC_vG6TDIesyqeZVs6TYK?usp=sharing\">fotografies <\/a>de la sortida en els enlla\u00e7os anteriors.<\/p>\n\n\n\n<p><sub><strong>Recordeu que per poder veure les imatges necessiteu accedir amb l&#8217;usuari de la zerlessalines.cat<\/strong><\/sub><\/p>\n\n\n\n<p><\/p>\n","protected":false},"excerpt":{"rendered":"<p>El dia 27 de febrer, finalment vam poder celebrar el Dijous Gras i fer el Correcull amb els nens i nenes d\u2019educaci\u00f3 infantil i cicle inicial de l\u2019escola Manuel de Pedrolo i de l\u2019escola Santa Cec\u00edlia.<\/p>\n<p>Vam sortir caminant des de l\u2019escola de Boadella fins a&hellip;  <a href=\"https:\/\/agora.xtec.cat\/zer-les-salines\/portada\/dijous-gras-i-correcull\/\" title=\"Read Dijous Gras i Correcull a Boadella i les Escaules\">Llegeix m\u00e9s\u00bb<\/a><\/p>\n","protected":false},"author":3,"featured_media":0,"comment_status":"open","ping_status":"open","sticky":false,"template":"","format":"standard","meta":{"_bbp_topic_count":0,"_bbp_reply_count":0,"_bbp_total_topic_count":0,"_bbp_total_reply_count":0,"_bbp_voice_count":0,"_bbp_anonymous_reply_count":0,"_bbp_topic_count_hidden":0,"_bbp_reply_count_hidden":0,"_bbp_forum_subforum_count":0,"footnotes":""},"categories":[116,117,29],"tags":[600,550,465],"class_list":["post-3022","post","type-post","status-publish","format-standard","hentry","category-blog-escola-manueldepedrolo","category-blog-escola-santacecilia","category-portada","tag-correcull","tag-curs-25-26","tag-dijous-gras"],"post_mailing_queue_ids":[],"_links":{"self":[{"href":"https:\/\/agora.xtec.cat\/zer-les-salines\/wp-json\/wp\/v2\/posts\/3022","targetHints":{"allow":["GET"]}}],"collection":[{"href":"https:\/\/agora.xtec.cat\/zer-les-salines\/wp-json\/wp\/v2\/posts"}],"about":[{"href":"https:\/\/agora.xtec.cat\/zer-les-salines\/wp-json\/wp\/v2\/types\/post"}],"author":[{"embeddable":true,"href":"https:\/\/agora.xtec.cat\/zer-les-salines\/wp-json\/wp\/v2\/users\/3"}],"replies":[{"embeddable":true,"href":"https:\/\/agora.xtec.cat\/zer-les-salines\/wp-json\/wp\/v2\/comments?post=3022"}],"version-history":[{"count":3,"href":"https:\/\/agora.xtec.cat\/zer-les-salines\/wp-json\/wp\/v2\/posts\/3022\/revisions"}],"predecessor-version":[{"id":3046,"href":"https:\/\/agora.xtec.cat\/zer-les-salines\/wp-json\/wp\/v2\/posts\/3022\/revisions\/3046"}],"wp:attachment":[{"href":"https:\/\/agora.xtec.cat\/zer-les-salines\/wp-json\/wp\/v2\/media?parent=3022"}],"wp:term":[{"taxonomy":"category","embeddable":true,"href":"https:\/\/agora.xtec.cat\/zer-les-salines\/wp-json\/wp\/v2\/categories?post=3022"},{"taxonomy":"post_tag","embeddable":true,"href":"https:\/\/agora.xtec.cat\/zer-les-salines\/wp-json\/wp\/v2\/tags?post=3022"}],"curies":[{"name":"wp","href":"https:\/\/api.w.org\/{rel}","templated":true}]}}