{"id":3020,"date":"2026-03-10T13:35:21","date_gmt":"2026-03-10T12:35:21","guid":{"rendered":"https:\/\/agora.xtec.cat\/zer-les-salines\/?p=3020"},"modified":"2026-03-20T12:36:48","modified_gmt":"2026-03-20T11:36:48","slug":"descoberta-de-lentorn-natural-a-lescola","status":"publish","type":"post","link":"https:\/\/agora.xtec.cat\/zer-les-salines\/portada\/descoberta-de-lentorn-natural-a-lescola\/","title":{"rendered":"Descoberta de l&#8217;entorn natural a Boadella"},"content":{"rendered":"\n<p>L&#8217;AIGUA I LA VIDA QUE GENERA<\/p>\n\n\n\n<p>Entre els dies 23 i 25 de febrer vam realizat un taller sobre \u201c<em>L\u2019aigua i la vida que genera<\/em>\u201d realitzat per l\u2019associaci\u00f3 La Sorellona. Vam comen\u00e7ar amb una presentaci\u00f3 oral de tota la classe i del formador que es deia Lloren\u00e7. Ens va explicar qu\u00e8 far\u00edem aquells dies i ens ho va explicar tot molt b\u00e9.\u00a0<\/p>\n\n\n\n<p>Per iniciar tot plegat, la primera activitat va ser explicar-nos el cicle de l\u2019aigua amb una presentaci\u00f3 \u00e0udiovisual, a m\u00e9s d\u2019explicar-nos els estats de l\u2019aigua i els passos que segueix en el seu cicle.\u00a0<\/p>\n\n\n\n<p>Al dia seg\u00fcent, despr\u00e9s d\u2019una repassada al que vam explicar el dia anterior, vam passar tot el dia a fora. Al riu, en Lloren\u00e7 havia preparat el dia abans unes nanses per capturar macroinvertebrats i peixos. Van anar al riu i vam buidar les nanses, on hi havia peixos capturats. Gr\u00e0cies a les guies que va portar, vam saber que aquells peixos eren barbs rojos.<\/p>\n\n\n\n<p>Despr\u00e9s, amb uns salabrets i equipats amb botes vam intentar capturar m\u00e9s macroinvertevrats que vam col\u00b7locar en una safata plena d\u2019aigua per poder-los identificar m\u00e9s tard amb un pot-lupa. A trav\u00e9s de les guies vam poder identificar tres macroinvertebrats: heptag\u00e8nid, f\u00edsid i gamm\u00e0rid.<\/p>\n\n\n\n<p>Despr\u00e9s de dinar, van anar pel cam\u00ed fluvial per dibuixar fulles i plantes del bosc de ribera. Tamb\u00e9 vam agafar materials (pedra, grava, sorra i material org\u00e0nic) per poder fer un filtre per l\u2019endem\u00e0.<\/p>\n\n\n\n<p>L\u2019\u00faltima sessi\u00f3 la vam destinar a fer un filtre d\u2019aigua, a part de fer un joc del cicle urb\u00e0 de l\u2019aigua, on haviem de col\u00b7locar unes quantes imatges al seu lloc. Amb tot el material recollit el dia abans, vam fer un filtre d\u2019aigua amb una ampolla de pl\u00e0stic de&nbsp; 1.5 litres.<\/p>\n\n\n\n<p>PREMENT LA IMATGE ENTRAREU A LA GALERIA DE LA JORNADA<\/p>\n\n\n\n<figure class=\"wp-block-image size-large\"><a href=\"https:\/\/drive.google.com\/drive\/folders\/1iPOoLEKkMuKbdlZPrHQ6d01s3T7Qq-rQ?usp=drive_link\"><img loading=\"lazy\" decoding=\"async\" width=\"1024\" height=\"768\" src=\"https:\/\/agora.xtec.cat\/zer-les-salines\/wp-content\/uploads\/usu1080\/2026\/02\/WhatsApp-Image-2026-02-26-at-16.15.26-1024x768.jpeg\" alt=\"\" class=\"wp-image-3027\" srcset=\"https:\/\/agora.xtec.cat\/zer-les-salines\/wp-content\/uploads\/usu1080\/2026\/02\/WhatsApp-Image-2026-02-26-at-16.15.26-1024x768.jpeg 1024w, https:\/\/agora.xtec.cat\/zer-les-salines\/wp-content\/uploads\/usu1080\/2026\/02\/WhatsApp-Image-2026-02-26-at-16.15.26-300x225.jpeg 300w, https:\/\/agora.xtec.cat\/zer-les-salines\/wp-content\/uploads\/usu1080\/2026\/02\/WhatsApp-Image-2026-02-26-at-16.15.26-768x576.jpeg 768w, https:\/\/agora.xtec.cat\/zer-les-salines\/wp-content\/uploads\/usu1080\/2026\/02\/WhatsApp-Image-2026-02-26-at-16.15.26-1536x1152.jpeg 1536w, https:\/\/agora.xtec.cat\/zer-les-salines\/wp-content\/uploads\/usu1080\/2026\/02\/WhatsApp-Image-2026-02-26-at-16.15.26-200x150.jpeg 200w, https:\/\/agora.xtec.cat\/zer-les-salines\/wp-content\/uploads\/usu1080\/2026\/02\/WhatsApp-Image-2026-02-26-at-16.15.26.jpeg 2040w\" sizes=\"auto, (max-width: 1024px) 100vw, 1024px\" \/><\/a><\/figure>\n","protected":false},"excerpt":{"rendered":"<p>L&#8217;AIGUA I LA VIDA QUE GENERA<\/p>\n<p>Entre els dies 23 i 25 de febrer vam realizat un taller sobre \u201cL\u2019aigua i la vida que genera\u201d realitzat per l\u2019associaci\u00f3 La Sorellona. Vam comen\u00e7ar amb una presentaci\u00f3 oral de tota la classe i del formador que es deia&hellip;  <a href=\"https:\/\/agora.xtec.cat\/zer-les-salines\/portada\/descoberta-de-lentorn-natural-a-lescola\/\" title=\"Read Descoberta de l&#8217;entorn natural a Boadella\">Llegeix m\u00e9s\u00bb<\/a><\/p>\n","protected":false},"author":109,"featured_media":3027,"comment_status":"open","ping_status":"open","sticky":false,"template":"","format":"standard","meta":{"_bbp_topic_count":0,"_bbp_reply_count":0,"_bbp_total_topic_count":0,"_bbp_total_reply_count":0,"_bbp_voice_count":0,"_bbp_anonymous_reply_count":0,"_bbp_topic_count_hidden":0,"_bbp_reply_count_hidden":0,"_bbp_forum_subforum_count":0,"footnotes":""},"categories":[117,29],"tags":[],"class_list":["post-3020","post","type-post","status-publish","format-standard","has-post-thumbnail","hentry","category-blog-escola-santacecilia","category-portada"],"post_mailing_queue_ids":[],"_links":{"self":[{"href":"https:\/\/agora.xtec.cat\/zer-les-salines\/wp-json\/wp\/v2\/posts\/3020","targetHints":{"allow":["GET"]}}],"collection":[{"href":"https:\/\/agora.xtec.cat\/zer-les-salines\/wp-json\/wp\/v2\/posts"}],"about":[{"href":"https:\/\/agora.xtec.cat\/zer-les-salines\/wp-json\/wp\/v2\/types\/post"}],"author":[{"embeddable":true,"href":"https:\/\/agora.xtec.cat\/zer-les-salines\/wp-json\/wp\/v2\/users\/109"}],"replies":[{"embeddable":true,"href":"https:\/\/agora.xtec.cat\/zer-les-salines\/wp-json\/wp\/v2\/comments?post=3020"}],"version-history":[{"count":3,"href":"https:\/\/agora.xtec.cat\/zer-les-salines\/wp-json\/wp\/v2\/posts\/3020\/revisions"}],"predecessor-version":[{"id":3044,"href":"https:\/\/agora.xtec.cat\/zer-les-salines\/wp-json\/wp\/v2\/posts\/3020\/revisions\/3044"}],"wp:featuredmedia":[{"embeddable":true,"href":"https:\/\/agora.xtec.cat\/zer-les-salines\/wp-json\/wp\/v2\/media\/3027"}],"wp:attachment":[{"href":"https:\/\/agora.xtec.cat\/zer-les-salines\/wp-json\/wp\/v2\/media?parent=3020"}],"wp:term":[{"taxonomy":"category","embeddable":true,"href":"https:\/\/agora.xtec.cat\/zer-les-salines\/wp-json\/wp\/v2\/categories?post=3020"},{"taxonomy":"post_tag","embeddable":true,"href":"https:\/\/agora.xtec.cat\/zer-les-salines\/wp-json\/wp\/v2\/tags?post=3020"}],"curies":[{"name":"wp","href":"https:\/\/api.w.org\/{rel}","templated":true}]}}