{"id":3003,"date":"2026-01-09T16:28:00","date_gmt":"2026-01-09T15:28:00","guid":{"rendered":"https:\/\/agora.xtec.cat\/zer-les-salines\/?p=3003"},"modified":"2026-01-23T11:49:11","modified_gmt":"2026-01-23T10:49:11","slug":"les-cantates-de-boadella-i-les-escaules","status":"publish","type":"post","link":"https:\/\/agora.xtec.cat\/zer-les-salines\/general\/les-cantates-de-boadella-i-les-escaules\/","title":{"rendered":"&#8220;Dalt de la cadira!&#8221; a Boadella i les Escaules"},"content":{"rendered":"\n<p>A l\u2019escola Santa Cec\u00edlia, les estrelles ens van acompanyar en el cam\u00ed d&#8217;espera de l&#8217;advent abans no arribin les festes de Nadal. Aquest cam\u00ed ens va dur, entre d&#8217;altres, a teixir estrelles, aprendre poemes i preparar la cantada conjunta de nadales amb la ZER.<\/p>\n\n\n\n<p>Des de l&#8217;escola Santa Cec\u00edlia, vam voler homenatjar una costum molt nostra en aquesta \u00e8poca de l&#8217;any: recitar poemes nadalencs dalt de la cadira el dia de Nadal. <\/p>\n\n\n\n<p class=\"has-text-align-center\"><em>A casa vostra encara es puja dalt de la cadira per recitar poemes i cantar nadales?<\/em><\/p>\n\n\n\n<p class=\"has-text-align-center\">Abans de marxar de vacances, els i les alumnes de l&#8217;escola Santa Cec\u00edlia vam cantar i recitar <strong>&#8220;Dalt de la Cadira&#8221;<\/strong>. A Boadella, ho vam fer conjuntament amb el grup de cant &#8220;<em>Les Veus de la Muga<\/em>&#8220;. A Les Escaules, vam tenir el plaer d&#8217;inaugurar, simb\u00f2licament, l&#8217;espai dels forns de ciment.<br><br><a href=\"https:\/\/drive.google.com\/drive\/folders\/1uSwWMjTp8jGYvJr8IOxZ4dZ2bnbzm5rA\">Aqu\u00ed teniu les fotos i els v\u00eddeos de les dues trobades<\/a><br><\/p>\n\n\n<div class=\"wp-block-image\">\n<figure class=\"aligncenter size-full is-resized\"><a href=\"https:\/\/agora.xtec.cat\/zer-les-salines\/wp-content\/uploads\/usu1080\/2026\/01\/Cartell-Dalt-de-la-Cadira.jpg\"><img loading=\"lazy\" decoding=\"async\" width=\"1587\" height=\"2245\" src=\"https:\/\/agora.xtec.cat\/zer-les-salines\/wp-content\/uploads\/usu1080\/2026\/01\/Cartell-Dalt-de-la-Cadira.jpg\" alt=\"\" class=\"wp-image-3008\" style=\"width:310px;height:auto\" srcset=\"https:\/\/agora.xtec.cat\/zer-les-salines\/wp-content\/uploads\/usu1080\/2026\/01\/Cartell-Dalt-de-la-Cadira.jpg 1587w, https:\/\/agora.xtec.cat\/zer-les-salines\/wp-content\/uploads\/usu1080\/2026\/01\/Cartell-Dalt-de-la-Cadira-212x300.jpg 212w, https:\/\/agora.xtec.cat\/zer-les-salines\/wp-content\/uploads\/usu1080\/2026\/01\/Cartell-Dalt-de-la-Cadira-724x1024.jpg 724w, https:\/\/agora.xtec.cat\/zer-les-salines\/wp-content\/uploads\/usu1080\/2026\/01\/Cartell-Dalt-de-la-Cadira-768x1086.jpg 768w, https:\/\/agora.xtec.cat\/zer-les-salines\/wp-content\/uploads\/usu1080\/2026\/01\/Cartell-Dalt-de-la-Cadira-1086x1536.jpg 1086w, https:\/\/agora.xtec.cat\/zer-les-salines\/wp-content\/uploads\/usu1080\/2026\/01\/Cartell-Dalt-de-la-Cadira-1448x2048.jpg 1448w\" sizes=\"auto, (max-width: 1587px) 100vw, 1587px\" \/><\/a><\/figure><\/div>\n\n\n<p><\/p>\n","protected":false},"excerpt":{"rendered":"<p>A l\u2019escola Santa Cec\u00edlia, les estrelles ens van acompanyar en el cam\u00ed d&#8217;espera de l&#8217;advent abans no arribin les festes de Nadal. Aquest cam\u00ed ens va dur, entre d&#8217;altres, a teixir estrelles, aprendre poemes i preparar la cantada conjunta de nadales amb la ZER.<\/p>\n<p>Des de&hellip;  <a href=\"https:\/\/agora.xtec.cat\/zer-les-salines\/general\/les-cantates-de-boadella-i-les-escaules\/\" title=\"Read &#8220;Dalt de la cadira!&#8221; a Boadella i les Escaules\">Llegeix m\u00e9s\u00bb<\/a><\/p>\n","protected":false},"author":109,"featured_media":3008,"comment_status":"open","ping_status":"open","sticky":false,"template":"","format":"standard","meta":{"_bbp_topic_count":0,"_bbp_reply_count":0,"_bbp_total_topic_count":0,"_bbp_total_reply_count":0,"_bbp_voice_count":0,"_bbp_anonymous_reply_count":0,"_bbp_topic_count_hidden":0,"_bbp_reply_count_hidden":0,"_bbp_forum_subforum_count":0,"footnotes":""},"categories":[117,227,1,29],"tags":[194,550,596],"class_list":["post-3003","post","type-post","status-publish","format-standard","has-post-thumbnail","hentry","category-blog-escola-santacecilia","category-families","category-general","category-portada","tag-boadella","tag-curs-25-26","tag-nadal-2025"],"post_mailing_queue_ids":[],"_links":{"self":[{"href":"https:\/\/agora.xtec.cat\/zer-les-salines\/wp-json\/wp\/v2\/posts\/3003","targetHints":{"allow":["GET"]}}],"collection":[{"href":"https:\/\/agora.xtec.cat\/zer-les-salines\/wp-json\/wp\/v2\/posts"}],"about":[{"href":"https:\/\/agora.xtec.cat\/zer-les-salines\/wp-json\/wp\/v2\/types\/post"}],"author":[{"embeddable":true,"href":"https:\/\/agora.xtec.cat\/zer-les-salines\/wp-json\/wp\/v2\/users\/109"}],"replies":[{"embeddable":true,"href":"https:\/\/agora.xtec.cat\/zer-les-salines\/wp-json\/wp\/v2\/comments?post=3003"}],"version-history":[{"count":6,"href":"https:\/\/agora.xtec.cat\/zer-les-salines\/wp-json\/wp\/v2\/posts\/3003\/revisions"}],"predecessor-version":[{"id":3017,"href":"https:\/\/agora.xtec.cat\/zer-les-salines\/wp-json\/wp\/v2\/posts\/3003\/revisions\/3017"}],"wp:featuredmedia":[{"embeddable":true,"href":"https:\/\/agora.xtec.cat\/zer-les-salines\/wp-json\/wp\/v2\/media\/3008"}],"wp:attachment":[{"href":"https:\/\/agora.xtec.cat\/zer-les-salines\/wp-json\/wp\/v2\/media?parent=3003"}],"wp:term":[{"taxonomy":"category","embeddable":true,"href":"https:\/\/agora.xtec.cat\/zer-les-salines\/wp-json\/wp\/v2\/categories?post=3003"},{"taxonomy":"post_tag","embeddable":true,"href":"https:\/\/agora.xtec.cat\/zer-les-salines\/wp-json\/wp\/v2\/tags?post=3003"}],"curies":[{"name":"wp","href":"https:\/\/api.w.org\/{rel}","templated":true}]}}