{"id":2984,"date":"2025-12-17T22:03:56","date_gmt":"2025-12-17T21:03:56","guid":{"rendered":"https:\/\/agora.xtec.cat\/zer-les-salines\/?p=2984"},"modified":"2025-12-17T22:03:57","modified_gmt":"2025-12-17T21:03:57","slug":"els-mes-petits-de-lescola-aprenem-jugant","status":"publish","type":"post","link":"https:\/\/agora.xtec.cat\/zer-les-salines\/portada\/els-mes-petits-de-lescola-aprenem-jugant\/","title":{"rendered":"Els m\u00e9s petits de l&#8217;escola aprenem jugant!!"},"content":{"rendered":"\n<p>Els petits d\u2019I2 hem gaudit molt de la llar i hem apr\u00e8s molt jugant, experimentant, manipulant, descobrint, construint, observant, compartint en els racons de joc (rac\u00f3 de joc simb\u00f2lic, rac\u00f3 de joc heur\u00edstic, rac\u00f3 de construccions, rac\u00f3 d\u2019experimentaci\u00f3 i transvasaments, rac\u00f3 d&#8217;observaci\u00f3, rac\u00f3 dels contes, rac\u00f3 de m\u00fasica, rac\u00f3 de psicomotricitat, espai exterior, \u2026) <\/p>\n\n\n\n<p>Tamb\u00e9, ens ho hem passat molt b\u00e9 amb els <strong>contes explicats i les titelles<\/strong>, com tamb\u00e9, cantant moltes <strong>can\u00e7ons<\/strong> i ballant <strong>danses<\/strong> de tardor!!<\/p>\n\n\n\n<p>A trav\u00e9s del joc, hem pogut descobrir la TARDOR: <strong>hem jugat<\/strong> amb les fulles de colors, amb les pinyes i les castanyes, <strong>hem tastat<\/strong> les fruites de tardor, hem fet una <strong>sortida per l\u2019entorn<\/strong> per recollir fulles i fruits caiguts dels arbres, <strong>hem experimentat<\/strong> amb les safates sensorials, <strong>hem fet tallers<\/strong> amb pintura de color taronja, marr\u00f3, vermell, groc, \u2026 <strong>Ens ho hem passat molt b\u00e9!<\/strong><\/p>\n\n\n\n<p><em><strong>Per veure les fotografies cliqueu sobre la imatge:<\/strong><\/em><\/p>\n\n\n\n<p><strong>JUGUEM ALS RACONS DE JOCS<\/strong><\/p>\n\n\n\n<figure class=\"wp-block-image size-full is-resized\"><a href=\"https:\/\/drive.google.com\/drive\/folders\/1yIvnEHHDW18m07FrbKbidjAg5UUi4xaH?usp=sharing\"><img loading=\"lazy\" decoding=\"async\" width=\"300\" height=\"219\" src=\"https:\/\/agora.xtec.cat\/zer-les-salines\/wp-content\/uploads\/usu1080\/2025\/12\/jocs.jpg\" alt=\"\" class=\"wp-image-2988\" style=\"width:100px;height:auto\" \/><\/a><\/figure>\n\n\n\n<p>______________________________________________________________________________________________________________<\/p>\n\n\n\n<p><strong>JUGUEM AMB PINYES, POMPONS I PLASTILINA<\/strong><\/p>\n\n\n\n<figure class=\"wp-block-image size-full is-resized\"><a href=\"https:\/\/drive.google.com\/drive\/folders\/1AtD_ZusbKazzeMY2oqTiXIqNPDMLdaBU?usp=sharing\"><img loading=\"lazy\" decoding=\"async\" width=\"300\" height=\"221\" src=\"https:\/\/agora.xtec.cat\/zer-les-salines\/wp-content\/uploads\/usu1080\/2025\/12\/motricitat-fina.jpg\" alt=\"\" class=\"wp-image-2989\" style=\"width:98px;height:auto\" \/><\/a><\/figure>\n\n\n\n<p>______________________________________________________________________________________________________________<\/p>\n\n\n\n<p><strong>JUGUEM AMB TUBS, PILOTES I MOCADORS DE COLORS<\/strong><\/p>\n\n\n\n<figure class=\"wp-block-image size-full is-resized\"><a href=\"https:\/\/drive.google.com\/drive\/folders\/134MiowEjZ1tQtaeh-OBkpNouZDjSThDy?usp=sharing\"><img loading=\"lazy\" decoding=\"async\" width=\"300\" height=\"220\" src=\"https:\/\/agora.xtec.cat\/zer-les-salines\/wp-content\/uploads\/usu1080\/2025\/12\/tubs-i-mocadors.jpg\" alt=\"\" class=\"wp-image-2986\" style=\"width:97px;height:auto\" \/><\/a><\/figure>\n\n\n\n<p>______________________________________________________________________________________________________________<\/p>\n\n\n\n<p><strong>JUGUEM AMB LES SAFATES SENSORIALS: EXPERIMENTEM I FEM TRANSVASAMENTS<\/strong><\/p>\n\n\n\n<figure class=\"wp-block-image size-full is-resized\"><a href=\"https:\/\/drive.google.com\/drive\/folders\/1TfqLJfL8TpzUs5XWLJt3rBCB7GjdLc42?usp=sharing\"><img loading=\"lazy\" decoding=\"async\" width=\"300\" height=\"195\" src=\"https:\/\/agora.xtec.cat\/zer-les-salines\/wp-content\/uploads\/usu1080\/2025\/12\/safates-sensorials.jpg\" alt=\"\" class=\"wp-image-2991\" style=\"width:106px;height:auto\" \/><\/a><\/figure>\n\n\n\n<p>______________________________________________________________________________________________________________<\/p>\n\n\n\n<p><strong>JUGANT DESCOBRIM ELS COLORS DE LA TARDOR<\/strong><\/p>\n\n\n\n<figure class=\"wp-block-image size-full is-resized\"><a href=\"https:\/\/drive.google.com\/drive\/folders\/1daKNXNnT4oiEcEyenofHq8T4Xxc0xBEO?usp=sharing\"><img loading=\"lazy\" decoding=\"async\" width=\"300\" height=\"204\" src=\"https:\/\/agora.xtec.cat\/zer-les-salines\/wp-content\/uploads\/usu1080\/2025\/12\/colors-de-tardor.jpg\" alt=\"\" class=\"wp-image-2987\" style=\"width:106px;height:auto\" \/><\/a><\/figure>\n\n\n\n<p>______________________________________________________________________________________________________________<\/p>\n\n\n\n<p><strong>FEM SUC DE TARONJA I CONSTRU\u00cfM UNA MENJADORA PELS OCELLS<\/strong><\/p>\n\n\n\n<figure class=\"wp-block-image size-full is-resized\"><a href=\"https:\/\/drive.google.com\/drive\/folders\/1Vnk3lF-LqEqtUAlWyDYgL-YFvST6UkfI?usp=sharing\"><img loading=\"lazy\" decoding=\"async\" width=\"300\" height=\"231\" src=\"https:\/\/agora.xtec.cat\/zer-les-salines\/wp-content\/uploads\/usu1080\/2025\/12\/taronges.jpg\" alt=\"\" class=\"wp-image-2993\" style=\"width:103px;height:auto\" \/><\/a><\/figure>\n\n\n\n<p>______________________________________________________________________________________________________________<\/p>\n\n\n\n<p><strong>SORTIDA PER L\u2019ENTORN DE L&#8217;ESCOLA PER GAUDIR DE LA TARDOR<\/strong><\/p>\n\n\n\n<figure class=\"wp-block-image size-full is-resized\"><a href=\"https:\/\/drive.google.com\/drive\/folders\/127tJuQq_6LiVTiwwBbMEgN_p58qQDlgO?usp=sharing\"><img loading=\"lazy\" decoding=\"async\" width=\"300\" height=\"229\" src=\"https:\/\/agora.xtec.cat\/zer-les-salines\/wp-content\/uploads\/usu1080\/2025\/12\/sortida.jpg\" alt=\"\" class=\"wp-image-2992\" style=\"width:102px;height:auto\" \/><\/a><\/figure>\n\n\n\n<p>______________________________________________________________________________________________________________<\/p>\n\n\n\n<p><strong>BON NADAL I BONES FESTES!!<\/strong><\/p>\n\n\n\n<p><\/p>\n","protected":false},"excerpt":{"rendered":"<p>Els petits d\u2019I2 hem gaudit molt de la llar i hem apr\u00e8s molt jugant, experimentant, manipulant, descobrint, construint, observant, compartint en els racons de joc (rac\u00f3 de joc simb\u00f2lic, rac\u00f3 de joc heur\u00edstic, rac\u00f3 de construccions, rac\u00f3 d\u2019experimentaci\u00f3 i transvasaments, rac\u00f3 d&#8217;observaci\u00f3, rac\u00f3 dels contes,&hellip;  <a href=\"https:\/\/agora.xtec.cat\/zer-les-salines\/portada\/els-mes-petits-de-lescola-aprenem-jugant\/\" title=\"Read Els m\u00e9s petits de l&#8217;escola aprenem jugant!!\">Llegeix m\u00e9s\u00bb<\/a><\/p>\n","protected":false},"author":77,"featured_media":2990,"comment_status":"open","ping_status":"open","sticky":false,"template":"","format":"standard","meta":{"_bbp_topic_count":0,"_bbp_reply_count":0,"_bbp_total_topic_count":0,"_bbp_total_reply_count":0,"_bbp_voice_count":0,"_bbp_anonymous_reply_count":0,"_bbp_topic_count_hidden":0,"_bbp_reply_count_hidden":0,"_bbp_forum_subforum_count":0,"footnotes":""},"categories":[114,29],"tags":[404,374,499,458,500],"class_list":["post-2984","post","type-post","status-publish","format-standard","has-post-thumbnail","hentry","category-blog-escola-lessalines","category-portada","tag-tardor","tag-escola-les-salines","tag-i2","tag-llar","tag-llar-dinfants"],"post_mailing_queue_ids":[],"_links":{"self":[{"href":"https:\/\/agora.xtec.cat\/zer-les-salines\/wp-json\/wp\/v2\/posts\/2984","targetHints":{"allow":["GET"]}}],"collection":[{"href":"https:\/\/agora.xtec.cat\/zer-les-salines\/wp-json\/wp\/v2\/posts"}],"about":[{"href":"https:\/\/agora.xtec.cat\/zer-les-salines\/wp-json\/wp\/v2\/types\/post"}],"author":[{"embeddable":true,"href":"https:\/\/agora.xtec.cat\/zer-les-salines\/wp-json\/wp\/v2\/users\/77"}],"replies":[{"embeddable":true,"href":"https:\/\/agora.xtec.cat\/zer-les-salines\/wp-json\/wp\/v2\/comments?post=2984"}],"version-history":[{"count":6,"href":"https:\/\/agora.xtec.cat\/zer-les-salines\/wp-json\/wp\/v2\/posts\/2984\/revisions"}],"predecessor-version":[{"id":2999,"href":"https:\/\/agora.xtec.cat\/zer-les-salines\/wp-json\/wp\/v2\/posts\/2984\/revisions\/2999"}],"wp:featuredmedia":[{"embeddable":true,"href":"https:\/\/agora.xtec.cat\/zer-les-salines\/wp-json\/wp\/v2\/media\/2990"}],"wp:attachment":[{"href":"https:\/\/agora.xtec.cat\/zer-les-salines\/wp-json\/wp\/v2\/media?parent=2984"}],"wp:term":[{"taxonomy":"category","embeddable":true,"href":"https:\/\/agora.xtec.cat\/zer-les-salines\/wp-json\/wp\/v2\/categories?post=2984"},{"taxonomy":"post_tag","embeddable":true,"href":"https:\/\/agora.xtec.cat\/zer-les-salines\/wp-json\/wp\/v2\/tags?post=2984"}],"curies":[{"name":"wp","href":"https:\/\/api.w.org\/{rel}","templated":true}]}}