{"id":2981,"date":"2025-12-19T13:00:00","date_gmt":"2025-12-19T12:00:00","guid":{"rendered":"https:\/\/agora.xtec.cat\/zer-les-salines\/?p=2981"},"modified":"2025-12-17T13:34:00","modified_gmt":"2025-12-17T12:34:00","slug":"bones-festes-5","status":"publish","type":"post","link":"https:\/\/agora.xtec.cat\/zer-les-salines\/portada\/bones-festes-5\/","title":{"rendered":"Bones festes!"},"content":{"rendered":"\n<p>Aquest primer trimestre hem compartit aprenentatges, reptes i molts moments de conviv\u00e8ncia que ens fan cr\u00e9ixer com a ZER i com a persones. El dia a dia a Biure, Boadella i Les Escaules, i Ma\u00e7anet de Cabrenys ens recorda la import\u00e0ncia de treballar plegats i de mantenir viu el vincle entre escola i poble.<\/p>\n\n\n\n<p>Ara arriba un temps per aturar-nos, descansar i gaudir en fam\u00edlia. Desitgem que aquestes festes siguin plenes de calma, alegria i bona companyia, i que el 2026 ens porti salut i il\u00b7lusi\u00f3 per continuar aprenent.<\/p>\n\n\n\n<p>Bones festes!<\/p>\n\n\n\n<figure class=\"wp-block-image size-large\"><a href=\"https:\/\/agora.xtec.cat\/zer-les-salines\/wp-content\/uploads\/usu1080\/2025\/12\/Felicitacio-Nadal-ZER-Les-Salines.jpg\"><img loading=\"lazy\" decoding=\"async\" width=\"1024\" height=\"726\" src=\"https:\/\/agora.xtec.cat\/zer-les-salines\/wp-content\/uploads\/usu1080\/2025\/12\/Felicitacio-Nadal-ZER-Les-Salines-1024x726.jpg\" alt=\"\" class=\"wp-image-2982\" srcset=\"https:\/\/agora.xtec.cat\/zer-les-salines\/wp-content\/uploads\/usu1080\/2025\/12\/Felicitacio-Nadal-ZER-Les-Salines-1024x726.jpg 1024w, https:\/\/agora.xtec.cat\/zer-les-salines\/wp-content\/uploads\/usu1080\/2025\/12\/Felicitacio-Nadal-ZER-Les-Salines-300x213.jpg 300w, https:\/\/agora.xtec.cat\/zer-les-salines\/wp-content\/uploads\/usu1080\/2025\/12\/Felicitacio-Nadal-ZER-Les-Salines-768x545.jpg 768w, https:\/\/agora.xtec.cat\/zer-les-salines\/wp-content\/uploads\/usu1080\/2025\/12\/Felicitacio-Nadal-ZER-Les-Salines-1536x1090.jpg 1536w, https:\/\/agora.xtec.cat\/zer-les-salines\/wp-content\/uploads\/usu1080\/2025\/12\/Felicitacio-Nadal-ZER-Les-Salines.jpg 1748w\" sizes=\"auto, (max-width: 1024px) 100vw, 1024px\" \/><\/a><\/figure>\n","protected":false},"excerpt":{"rendered":"<p>Aquest primer trimestre hem compartit aprenentatges, reptes i molts moments de conviv\u00e8ncia que ens fan cr\u00e9ixer com a ZER i com a persones. El dia a dia a Biure, Boadella i Les Escaules, i Ma\u00e7anet de Cabrenys ens recorda la import\u00e0ncia de treballar plegats i&hellip;  <a href=\"https:\/\/agora.xtec.cat\/zer-les-salines\/portada\/bones-festes-5\/\" title=\"Read Bones festes!\">Llegeix m\u00e9s\u00bb<\/a><\/p>\n","protected":false},"author":1,"featured_media":2982,"comment_status":"open","ping_status":"open","sticky":false,"template":"","format":"standard","meta":{"_bbp_topic_count":0,"_bbp_reply_count":0,"_bbp_total_topic_count":0,"_bbp_total_reply_count":0,"_bbp_voice_count":0,"_bbp_anonymous_reply_count":0,"_bbp_topic_count_hidden":0,"_bbp_reply_count_hidden":0,"_bbp_forum_subforum_count":0,"footnotes":""},"categories":[114,116,117,227,29],"tags":[598,550,328,212,596],"class_list":["post-2981","post","type-post","status-publish","format-standard","has-post-thumbnail","hentry","category-blog-escola-lessalines","category-blog-escola-manueldepedrolo","category-blog-escola-santacecilia","category-families","category-portada","tag-bones-festes","tag-curs-25-26","tag-felicitacio-nadal","tag-nadal","tag-nadal-2025"],"post_mailing_queue_ids":[],"_links":{"self":[{"href":"https:\/\/agora.xtec.cat\/zer-les-salines\/wp-json\/wp\/v2\/posts\/2981","targetHints":{"allow":["GET"]}}],"collection":[{"href":"https:\/\/agora.xtec.cat\/zer-les-salines\/wp-json\/wp\/v2\/posts"}],"about":[{"href":"https:\/\/agora.xtec.cat\/zer-les-salines\/wp-json\/wp\/v2\/types\/post"}],"author":[{"embeddable":true,"href":"https:\/\/agora.xtec.cat\/zer-les-salines\/wp-json\/wp\/v2\/users\/1"}],"replies":[{"embeddable":true,"href":"https:\/\/agora.xtec.cat\/zer-les-salines\/wp-json\/wp\/v2\/comments?post=2981"}],"version-history":[{"count":1,"href":"https:\/\/agora.xtec.cat\/zer-les-salines\/wp-json\/wp\/v2\/posts\/2981\/revisions"}],"predecessor-version":[{"id":2983,"href":"https:\/\/agora.xtec.cat\/zer-les-salines\/wp-json\/wp\/v2\/posts\/2981\/revisions\/2983"}],"wp:featuredmedia":[{"embeddable":true,"href":"https:\/\/agora.xtec.cat\/zer-les-salines\/wp-json\/wp\/v2\/media\/2982"}],"wp:attachment":[{"href":"https:\/\/agora.xtec.cat\/zer-les-salines\/wp-json\/wp\/v2\/media?parent=2981"}],"wp:term":[{"taxonomy":"category","embeddable":true,"href":"https:\/\/agora.xtec.cat\/zer-les-salines\/wp-json\/wp\/v2\/categories?post=2981"},{"taxonomy":"post_tag","embeddable":true,"href":"https:\/\/agora.xtec.cat\/zer-les-salines\/wp-json\/wp\/v2\/tags?post=2981"}],"curies":[{"name":"wp","href":"https:\/\/api.w.org\/{rel}","templated":true}]}}