{"id":2975,"date":"2025-12-11T19:07:13","date_gmt":"2025-12-11T18:07:13","guid":{"rendered":"https:\/\/agora.xtec.cat\/zer-les-salines\/?p=2975"},"modified":"2025-12-11T19:07:15","modified_gmt":"2025-12-11T18:07:15","slug":"olimpic-emporda-cicle-inicial","status":"publish","type":"post","link":"https:\/\/agora.xtec.cat\/zer-les-salines\/portada\/olimpic-emporda-cicle-inicial\/","title":{"rendered":"Ol\u00edmpic Empord\u00e0 &#8211; Cicle inicial"},"content":{"rendered":"\n<p>Aquest curs, l\u2019alumnat de 1r i 2n de prim\u00e0ria pot participar en la matinal esportiva: <strong>Ol\u00edmpic Empord\u00e0<\/strong>. L\u2019activitat tindr\u00e0 lloc el <strong>dissabte 20 de desembre<\/strong>, de <strong>10.00 a 12.30 h<\/strong>, a l\u2019<strong>Estadi Municipal Albert Gurt de Figueres<\/strong>.<\/p>\n\n\n\n<p>Aquesta jornada ser\u00e0 la <strong>cloenda de les Mini olimp\u00edades<\/strong> que hem estat fent a les escoles de la ZER durant aquest primer trimestre. Despr\u00e9s de treballar diferents proves i jocs atl\u00e8tics al centre, ara els nens i nenes podran compartir tot all\u00f2 que han apr\u00e8s en un espai com\u00fa amb alumnat d\u2019altres escoles.<\/p>\n\n\n\n<p>L\u2019activitat \u00e9s <strong>gratu\u00efta<\/strong> i adre\u00e7ada a l\u2019alumnat de <strong>1r i 2n de prim\u00e0ria<\/strong>. Hi haur\u00e0 diferents propostes l\u00fadiques i esportives pensades perqu\u00e8 tothom hi pugui participar, independentment del nivell. En acabar, totes les criatures rebran una <strong>medalla de participaci\u00f3<\/strong>. Les inscripcions es fan a trav\u00e9s del codi QR del cartell o entrant al web del Consell Esportiu de l\u2019Alt Empord\u00e0.<\/p>\n\n\n\n<p>Moltes gr\u00e0cies al Consell Esportiu de l\u2019Alt Empord\u00e0, a l\u2019Ajuntament de Figueres i a totes les entitats col\u00b7laboradores per organitzar aquesta matinal, aix\u00ed com a les fam\u00edlies pel seu suport i acompanyament.<\/p>\n\n\n\n<figure class=\"wp-block-image size-full\"><a href=\"https:\/\/agora.xtec.cat\/zer-les-salines\/wp-content\/uploads\/usu1080\/2025\/12\/image.png\"><img loading=\"lazy\" decoding=\"async\" width=\"640\" height=\"900\" src=\"https:\/\/agora.xtec.cat\/zer-les-salines\/wp-content\/uploads\/usu1080\/2025\/12\/image.png\" alt=\"\" class=\"wp-image-2976\" srcset=\"https:\/\/agora.xtec.cat\/zer-les-salines\/wp-content\/uploads\/usu1080\/2025\/12\/image.png 640w, https:\/\/agora.xtec.cat\/zer-les-salines\/wp-content\/uploads\/usu1080\/2025\/12\/image-213x300.png 213w\" sizes=\"auto, (max-width: 640px) 100vw, 640px\" \/><\/a><\/figure>\n","protected":false},"excerpt":{"rendered":"<p>Aquest curs, l\u2019alumnat de 1r i 2n de prim\u00e0ria pot participar en la matinal esportiva: Ol\u00edmpic Empord\u00e0. L\u2019activitat tindr\u00e0 lloc el dissabte 20 de desembre, de 10.00 a 12.30 h, a l\u2019Estadi Municipal Albert Gurt de Figueres.<\/p>\n<p>Aquesta jornada ser\u00e0 la cloenda de les Mini olimp\u00edades&hellip;  <a href=\"https:\/\/agora.xtec.cat\/zer-les-salines\/portada\/olimpic-emporda-cicle-inicial\/\" title=\"Read Ol\u00edmpic Empord\u00e0 &#8211; Cicle inicial\">Llegeix m\u00e9s\u00bb<\/a><\/p>\n","protected":false},"author":3,"featured_media":2978,"comment_status":"open","ping_status":"open","sticky":false,"template":"","format":"standard","meta":{"_bbp_topic_count":0,"_bbp_reply_count":0,"_bbp_total_topic_count":0,"_bbp_total_reply_count":0,"_bbp_voice_count":0,"_bbp_anonymous_reply_count":0,"_bbp_topic_count_hidden":0,"_bbp_reply_count_hidden":0,"_bbp_forum_subforum_count":0,"footnotes":""},"categories":[120,227,29],"tags":[257,397,550,594],"class_list":["post-2975","post","type-post","status-publish","format-standard","has-post-thumbnail","hentry","category-ef","category-families","category-portada","tag-activitat-fisica","tag-ci","tag-curs-25-26","tag-mini-olimpiades-2"],"post_mailing_queue_ids":[],"_links":{"self":[{"href":"https:\/\/agora.xtec.cat\/zer-les-salines\/wp-json\/wp\/v2\/posts\/2975","targetHints":{"allow":["GET"]}}],"collection":[{"href":"https:\/\/agora.xtec.cat\/zer-les-salines\/wp-json\/wp\/v2\/posts"}],"about":[{"href":"https:\/\/agora.xtec.cat\/zer-les-salines\/wp-json\/wp\/v2\/types\/post"}],"author":[{"embeddable":true,"href":"https:\/\/agora.xtec.cat\/zer-les-salines\/wp-json\/wp\/v2\/users\/3"}],"replies":[{"embeddable":true,"href":"https:\/\/agora.xtec.cat\/zer-les-salines\/wp-json\/wp\/v2\/comments?post=2975"}],"version-history":[{"count":1,"href":"https:\/\/agora.xtec.cat\/zer-les-salines\/wp-json\/wp\/v2\/posts\/2975\/revisions"}],"predecessor-version":[{"id":2979,"href":"https:\/\/agora.xtec.cat\/zer-les-salines\/wp-json\/wp\/v2\/posts\/2975\/revisions\/2979"}],"wp:featuredmedia":[{"embeddable":true,"href":"https:\/\/agora.xtec.cat\/zer-les-salines\/wp-json\/wp\/v2\/media\/2978"}],"wp:attachment":[{"href":"https:\/\/agora.xtec.cat\/zer-les-salines\/wp-json\/wp\/v2\/media?parent=2975"}],"wp:term":[{"taxonomy":"category","embeddable":true,"href":"https:\/\/agora.xtec.cat\/zer-les-salines\/wp-json\/wp\/v2\/categories?post=2975"},{"taxonomy":"post_tag","embeddable":true,"href":"https:\/\/agora.xtec.cat\/zer-les-salines\/wp-json\/wp\/v2\/tags?post=2975"}],"curies":[{"name":"wp","href":"https:\/\/api.w.org\/{rel}","templated":true}]}}