{"id":2968,"date":"2025-12-01T12:11:14","date_gmt":"2025-12-01T11:11:14","guid":{"rendered":"https:\/\/agora.xtec.cat\/zer-les-salines\/?p=2968"},"modified":"2025-12-01T12:46:01","modified_gmt":"2025-12-01T11:46:01","slug":"mercat-de-nadal-a-boadella-i-les-escaules","status":"publish","type":"post","link":"https:\/\/agora.xtec.cat\/zer-les-salines\/general\/mercat-de-nadal-a-boadella-i-les-escaules\/","title":{"rendered":"Mercat de Nadal a Boadella i Les Escaules"},"content":{"rendered":"<div class=\"wp-block-image is-style-default\">\n<figure class=\"aligncenter size-full is-resized\"><a href=\"https:\/\/agora.xtec.cat\/zer-les-salines\/wp-content\/uploads\/usu1080\/2025\/12\/WhatsApp-Image-2025-11-27-at-18.04.54.jpeg\"><img loading=\"lazy\" decoding=\"async\" width=\"595\" height=\"842\" src=\"https:\/\/agora.xtec.cat\/zer-les-salines\/wp-content\/uploads\/usu1080\/2025\/12\/WhatsApp-Image-2025-11-27-at-18.04.54.jpeg\" alt=\"\" class=\"wp-image-2969\" style=\"width:212px;height:auto\" srcset=\"https:\/\/agora.xtec.cat\/zer-les-salines\/wp-content\/uploads\/usu1080\/2025\/12\/WhatsApp-Image-2025-11-27-at-18.04.54.jpeg 595w, https:\/\/agora.xtec.cat\/zer-les-salines\/wp-content\/uploads\/usu1080\/2025\/12\/WhatsApp-Image-2025-11-27-at-18.04.54-212x300.jpeg 212w\" sizes=\"auto, (max-width: 595px) 100vw, 595px\" \/><\/a><\/figure><\/div>\n\n\n<p>El proper dissabte 6 de desembre, durant tot el mat\u00ed, el municipi de Boadella i Les Escaules tindr\u00e0 la seva parada de Nadal, al parc de l&#8217;Horta. Ho organitzada per l&#8217;AFA de l&#8217;escola Santa Cec\u00edlia, amb col\u00b7laboraci\u00f3 amb l&#8217;Ajunbtament de Boadella i Les Escaules. Hi trobareu flors de Nadal, plantes, llibres de segona m\u00e0 i coques. <\/p>\n\n\n\n<p>\u00c9s un bon moment per gaudir de l&#8217;esperit nadalenc i passejar pel parc amb les nens i nenes, comen\u00e7ant aix\u00ed a preparar les Festes.<\/p>\n\n\n\n<p>No hi falteu<\/p>\n\n\n\n<p><\/p>\n\n\n\n<p><\/p>\n","protected":false},"excerpt":{"rendered":"<p><a href=\"https:\/\/agora.xtec.cat\/zer-les-salines\/wp-content\/uploads\/usu1080\/2025\/12\/WhatsApp-Image-2025-11-27-at-18.04.54.jpeg\"><\/a><\/p>\n<p>El proper dissabte 6 de desembre, durant tot el mat\u00ed, el municipi de Boadella i Les Escaules tindr\u00e0 la seva parada de Nadal, al parc de l&#8217;Horta. Ho organitzada per l&#8217;AFA de l&#8217;escola Santa Cec\u00edlia, amb col\u00b7laboraci\u00f3 amb l&#8217;Ajunbtament de Boadella i Les Escaules.&hellip;  <a href=\"https:\/\/agora.xtec.cat\/zer-les-salines\/general\/mercat-de-nadal-a-boadella-i-les-escaules\/\" title=\"Read Mercat de Nadal a Boadella i Les Escaules\">Llegeix m\u00e9s\u00bb<\/a><\/p>\n","protected":false},"author":109,"featured_media":0,"comment_status":"open","ping_status":"open","sticky":false,"template":"","format":"standard","meta":{"_bbp_topic_count":0,"_bbp_reply_count":0,"_bbp_total_topic_count":0,"_bbp_total_reply_count":0,"_bbp_voice_count":0,"_bbp_anonymous_reply_count":0,"_bbp_topic_count_hidden":0,"_bbp_reply_count_hidden":0,"_bbp_forum_subforum_count":0,"footnotes":""},"categories":[117,227,1,29],"tags":[592,597,550,596],"class_list":["post-2968","post","type-post","status-publish","format-standard","hentry","category-blog-escola-santacecilia","category-families","category-general","category-portada","tag-afa","tag-boadella-i-les-escaules","tag-curs-25-26","tag-nadal-2025"],"post_mailing_queue_ids":[],"_links":{"self":[{"href":"https:\/\/agora.xtec.cat\/zer-les-salines\/wp-json\/wp\/v2\/posts\/2968","targetHints":{"allow":["GET"]}}],"collection":[{"href":"https:\/\/agora.xtec.cat\/zer-les-salines\/wp-json\/wp\/v2\/posts"}],"about":[{"href":"https:\/\/agora.xtec.cat\/zer-les-salines\/wp-json\/wp\/v2\/types\/post"}],"author":[{"embeddable":true,"href":"https:\/\/agora.xtec.cat\/zer-les-salines\/wp-json\/wp\/v2\/users\/109"}],"replies":[{"embeddable":true,"href":"https:\/\/agora.xtec.cat\/zer-les-salines\/wp-json\/wp\/v2\/comments?post=2968"}],"version-history":[{"count":3,"href":"https:\/\/agora.xtec.cat\/zer-les-salines\/wp-json\/wp\/v2\/posts\/2968\/revisions"}],"predecessor-version":[{"id":2972,"href":"https:\/\/agora.xtec.cat\/zer-les-salines\/wp-json\/wp\/v2\/posts\/2968\/revisions\/2972"}],"wp:attachment":[{"href":"https:\/\/agora.xtec.cat\/zer-les-salines\/wp-json\/wp\/v2\/media?parent=2968"}],"wp:term":[{"taxonomy":"category","embeddable":true,"href":"https:\/\/agora.xtec.cat\/zer-les-salines\/wp-json\/wp\/v2\/categories?post=2968"},{"taxonomy":"post_tag","embeddable":true,"href":"https:\/\/agora.xtec.cat\/zer-les-salines\/wp-json\/wp\/v2\/tags?post=2968"}],"curies":[{"name":"wp","href":"https:\/\/api.w.org\/{rel}","templated":true}]}}