{"id":2965,"date":"2025-12-03T15:16:29","date_gmt":"2025-12-03T14:16:29","guid":{"rendered":"https:\/\/agora.xtec.cat\/zer-les-salines\/?p=2965"},"modified":"2025-12-11T19:12:33","modified_gmt":"2025-12-11T18:12:33","slug":"decorem-per-halloween","status":"publish","type":"post","link":"https:\/\/agora.xtec.cat\/zer-les-salines\/general\/decorem-per-halloween\/","title":{"rendered":"Decorem per Halloween"},"content":{"rendered":"\n<p>De cara a la Castanyada, des de l\u2019assignatura de llengua anglesa hem dedicat aquests dies a treballar una de les tradicions m\u00e9s esteses arreu del m\u00f3n: <strong>Halloween<\/strong>.<\/p>\n\n\n\n<p>Per\u00f2, qu\u00e8 en sabem, d\u2019aquesta celebraci\u00f3?<\/p>\n\n\n\n<p>L\u2019origen d\u2019aquesta festivitat es remunta a l\u2019\u00e8poca dels celtes que habitaven el que actualment \u00e9s Irlanda. En aquesta data celebraven la fi de la collita i l\u2019arribada del nou any, en una festa coneguda com a <strong>Samhain<\/strong>.<\/p>\n\n\n\n<p>La paraula <em>Halloween<\/em> prov\u00e9 de l\u2019expressi\u00f3 <strong>\u201cAll Hallows\u2019 Eve\u201d<\/strong>, que \u00e9s la vig\u00edlia de Tots Sants. Per aquesta ra\u00f3, aquesta nit est\u00e0 relacionada amb monstres i personatges terror\u00edfics, com ara fantasmes, vampirs, homes llop, bruixes i tots els que la nostra imaginaci\u00f3 pugui crear.<\/p>\n\n\n\n<p>Una de les tradicions m\u00e9s esteses \u00e9s la del <strong>\u201ctrick or treat\u201d<\/strong>, que vol dir \u201cbroma o regal\u201d. Els nens i nenes, disfressats per a l\u2019ocasi\u00f3, van de casa en casa demanant llaminadures fent la pregunta \u201ctrick or treat?\u201d. \u00c9s una mena d\u2019amena\u00e7a als propietaris de la casa: si no volen donar cap regal, es dur\u00e0 a terme una trapelleria.<\/p>\n\n\n\n<p>Per tot aix\u00f2, a les classes d\u2019angl\u00e8s hem treballat frases t\u00edpiques i vocabulari relacionat amb Halloween. Hem creat, amb diferents manualitats, els nostres personatges i els hem fet servir per decorar la classe i preparar-nos per rebre la nit m\u00e9s terror\u00edfica de l\u2019any: <strong>Halloween<\/strong>!<\/p>\n\n\n\n<p><a href=\"https:\/\/drive.google.com\/drive\/folders\/1Qqfo-kITeOxpn6auSM89TGkjRvQVfPLS\" data-type=\"link\" data-id=\"https:\/\/drive.google.com\/drive\/folders\/1Qqfo-kITeOxpn6auSM89TGkjRvQVfPLS\">Clica aqu\u00ed<\/a><\/p>\n\n\n\n<p><sub><strong>Recordeu que per accedir a les imatges ho haureu de fer amb l&#8217;usuari de la zerlessalines.cat<\/strong><\/sub><\/p>\n\n\n\n<figure class=\"wp-block-gallery has-nested-images columns-default is-cropped wp-block-gallery-1 is-layout-flex wp-block-gallery-is-layout-flex\"><\/figure>\n","protected":false},"excerpt":{"rendered":"<p>De cara a la Castanyada, des de l\u2019assignatura de llengua anglesa hem dedicat aquests dies a treballar una de les tradicions m\u00e9s esteses arreu del m\u00f3n: Halloween.<\/p>\n<p>Per\u00f2, qu\u00e8 en sabem, d\u2019aquesta celebraci\u00f3?<\/p>\n<p>L\u2019origen d\u2019aquesta festivitat es remunta a l\u2019\u00e8poca dels celtes que habitaven el que actualment&hellip;  <a href=\"https:\/\/agora.xtec.cat\/zer-les-salines\/general\/decorem-per-halloween\/\" title=\"Read Decorem per Halloween\">Llegeix m\u00e9s\u00bb<\/a><\/p>\n","protected":false},"author":116,"featured_media":2973,"comment_status":"open","ping_status":"open","sticky":false,"template":"","format":"standard","meta":{"_bbp_topic_count":0,"_bbp_reply_count":0,"_bbp_total_topic_count":0,"_bbp_total_reply_count":0,"_bbp_voice_count":0,"_bbp_anonymous_reply_count":0,"_bbp_topic_count_hidden":0,"_bbp_reply_count_hidden":0,"_bbp_forum_subforum_count":0,"footnotes":""},"categories":[114,116,117,1,122,29],"tags":[],"class_list":["post-2965","post","type-post","status-publish","format-standard","has-post-thumbnail","hentry","category-blog-escola-lessalines","category-blog-escola-manueldepedrolo","category-blog-escola-santacecilia","category-general","category-llean","category-portada"],"post_mailing_queue_ids":[],"_links":{"self":[{"href":"https:\/\/agora.xtec.cat\/zer-les-salines\/wp-json\/wp\/v2\/posts\/2965","targetHints":{"allow":["GET"]}}],"collection":[{"href":"https:\/\/agora.xtec.cat\/zer-les-salines\/wp-json\/wp\/v2\/posts"}],"about":[{"href":"https:\/\/agora.xtec.cat\/zer-les-salines\/wp-json\/wp\/v2\/types\/post"}],"author":[{"embeddable":true,"href":"https:\/\/agora.xtec.cat\/zer-les-salines\/wp-json\/wp\/v2\/users\/116"}],"replies":[{"embeddable":true,"href":"https:\/\/agora.xtec.cat\/zer-les-salines\/wp-json\/wp\/v2\/comments?post=2965"}],"version-history":[{"count":3,"href":"https:\/\/agora.xtec.cat\/zer-les-salines\/wp-json\/wp\/v2\/posts\/2965\/revisions"}],"predecessor-version":[{"id":2980,"href":"https:\/\/agora.xtec.cat\/zer-les-salines\/wp-json\/wp\/v2\/posts\/2965\/revisions\/2980"}],"wp:featuredmedia":[{"embeddable":true,"href":"https:\/\/agora.xtec.cat\/zer-les-salines\/wp-json\/wp\/v2\/media\/2973"}],"wp:attachment":[{"href":"https:\/\/agora.xtec.cat\/zer-les-salines\/wp-json\/wp\/v2\/media?parent=2965"}],"wp:term":[{"taxonomy":"category","embeddable":true,"href":"https:\/\/agora.xtec.cat\/zer-les-salines\/wp-json\/wp\/v2\/categories?post=2965"},{"taxonomy":"post_tag","embeddable":true,"href":"https:\/\/agora.xtec.cat\/zer-les-salines\/wp-json\/wp\/v2\/tags?post=2965"}],"curies":[{"name":"wp","href":"https:\/\/api.w.org\/{rel}","templated":true}]}}