{"id":2962,"date":"2025-11-27T13:17:42","date_gmt":"2025-11-27T12:17:42","guid":{"rendered":"https:\/\/agora.xtec.cat\/zer-les-salines\/?p=2962"},"modified":"2025-11-27T13:17:44","modified_gmt":"2025-11-27T12:17:44","slug":"mercat-de-nadal-a-macanet-de-cabrenys","status":"publish","type":"post","link":"https:\/\/agora.xtec.cat\/zer-les-salines\/portada\/mercat-de-nadal-a-macanet-de-cabrenys\/","title":{"rendered":"Mercat de Nadal a Ma\u00e7anet de Cabrenys"},"content":{"rendered":"\n<p>El dissabte 29 de novembre, Ma\u00e7anet de Cabrenys es convertir\u00e0 en un petit poble de Nadal. L\u2019AFA de l\u2019escola Les Salines ha organitzat un Mercat de Nadal obert a totes les fam\u00edlies i al ve\u00efnat.<\/p>\n\n\n\n<p>Hi trobareu parades amb flors, manualitats, articles de Nadal i moltes coses m\u00e9s, fetes amb molta cura i il\u00b7lusi\u00f3. \u00c9s una bona oportunitat per passejar, fer un tomb amb els nens i nenes i comen\u00e7ar a preparar les festes.<\/p>\n\n\n\n<p>Us hi esperem!<\/p>\n\n\n\n<figure class=\"wp-block-image size-large\"><a href=\"https:\/\/agora.xtec.cat\/zer-les-salines\/wp-content\/uploads\/usu1080\/2025\/11\/PHOTO-2025-11-24-14-51-38.jpg\"><img loading=\"lazy\" decoding=\"async\" width=\"682\" height=\"1024\" src=\"https:\/\/agora.xtec.cat\/zer-les-salines\/wp-content\/uploads\/usu1080\/2025\/11\/PHOTO-2025-11-24-14-51-38-682x1024.jpg\" alt=\"\" class=\"wp-image-2963\" srcset=\"https:\/\/agora.xtec.cat\/zer-les-salines\/wp-content\/uploads\/usu1080\/2025\/11\/PHOTO-2025-11-24-14-51-38-682x1024.jpg 682w, https:\/\/agora.xtec.cat\/zer-les-salines\/wp-content\/uploads\/usu1080\/2025\/11\/PHOTO-2025-11-24-14-51-38-200x300.jpg 200w, https:\/\/agora.xtec.cat\/zer-les-salines\/wp-content\/uploads\/usu1080\/2025\/11\/PHOTO-2025-11-24-14-51-38-768x1153.jpg 768w, https:\/\/agora.xtec.cat\/zer-les-salines\/wp-content\/uploads\/usu1080\/2025\/11\/PHOTO-2025-11-24-14-51-38-1023x1536.jpg 1023w, https:\/\/agora.xtec.cat\/zer-les-salines\/wp-content\/uploads\/usu1080\/2025\/11\/PHOTO-2025-11-24-14-51-38.jpg 1066w\" sizes=\"auto, (max-width: 682px) 100vw, 682px\" \/><\/a><\/figure>\n","protected":false},"excerpt":{"rendered":"<p>El dissabte 29 de novembre, Ma\u00e7anet de Cabrenys es convertir\u00e0 en un petit poble de Nadal. L\u2019AFA de l\u2019escola Les Salines ha organitzat un Mercat de Nadal obert a totes les fam\u00edlies i al ve\u00efnat.<\/p>\n<p>Hi trobareu parades amb flors, manualitats, articles de Nadal i moltes&hellip;  <a href=\"https:\/\/agora.xtec.cat\/zer-les-salines\/portada\/mercat-de-nadal-a-macanet-de-cabrenys\/\" title=\"Read Mercat de Nadal a Ma\u00e7anet de Cabrenys\">Llegeix m\u00e9s\u00bb<\/a><\/p>\n","protected":false},"author":1,"featured_media":2963,"comment_status":"open","ping_status":"open","sticky":false,"template":"","format":"standard","meta":{"_bbp_topic_count":0,"_bbp_reply_count":0,"_bbp_total_topic_count":0,"_bbp_total_reply_count":0,"_bbp_voice_count":0,"_bbp_anonymous_reply_count":0,"_bbp_topic_count_hidden":0,"_bbp_reply_count_hidden":0,"_bbp_forum_subforum_count":0,"footnotes":""},"categories":[227,29],"tags":[592,550,409,595,212],"class_list":["post-2962","post","type-post","status-publish","format-standard","has-post-thumbnail","hentry","category-families","category-portada","tag-afa","tag-curs-25-26","tag-macanet-de-cabrenys","tag-mercat-de-nadal","tag-nadal"],"post_mailing_queue_ids":[],"_links":{"self":[{"href":"https:\/\/agora.xtec.cat\/zer-les-salines\/wp-json\/wp\/v2\/posts\/2962","targetHints":{"allow":["GET"]}}],"collection":[{"href":"https:\/\/agora.xtec.cat\/zer-les-salines\/wp-json\/wp\/v2\/posts"}],"about":[{"href":"https:\/\/agora.xtec.cat\/zer-les-salines\/wp-json\/wp\/v2\/types\/post"}],"author":[{"embeddable":true,"href":"https:\/\/agora.xtec.cat\/zer-les-salines\/wp-json\/wp\/v2\/users\/1"}],"replies":[{"embeddable":true,"href":"https:\/\/agora.xtec.cat\/zer-les-salines\/wp-json\/wp\/v2\/comments?post=2962"}],"version-history":[{"count":1,"href":"https:\/\/agora.xtec.cat\/zer-les-salines\/wp-json\/wp\/v2\/posts\/2962\/revisions"}],"predecessor-version":[{"id":2964,"href":"https:\/\/agora.xtec.cat\/zer-les-salines\/wp-json\/wp\/v2\/posts\/2962\/revisions\/2964"}],"wp:featuredmedia":[{"embeddable":true,"href":"https:\/\/agora.xtec.cat\/zer-les-salines\/wp-json\/wp\/v2\/media\/2963"}],"wp:attachment":[{"href":"https:\/\/agora.xtec.cat\/zer-les-salines\/wp-json\/wp\/v2\/media?parent=2962"}],"wp:term":[{"taxonomy":"category","embeddable":true,"href":"https:\/\/agora.xtec.cat\/zer-les-salines\/wp-json\/wp\/v2\/categories?post=2962"},{"taxonomy":"post_tag","embeddable":true,"href":"https:\/\/agora.xtec.cat\/zer-les-salines\/wp-json\/wp\/v2\/tags?post=2962"}],"curies":[{"name":"wp","href":"https:\/\/api.w.org\/{rel}","templated":true}]}}